{"id":1594,"date":"2009-04-18T20:57:57","date_gmt":"2009-04-18T20:57:57","guid":{"rendered":"http:\/\/www.twofamilyarchives.com\/derschmidt\/2018\/10\/31\/oy-vienna-copy-2\/"},"modified":"2018-10-31T20:58:43","modified_gmt":"2018-10-31T20:58:43","slug":"oy-vienna-copy-2","status":"publish","type":"post","link":"https:\/\/www.derschmidt.com\/de\/2009\/04\/18\/oy-vienna-copy-2\/","title":{"rendered":"Oy Vienna Filmfestival 2009"},"content":{"rendered":"<p>&nbsp;<\/p>\n<p>&nbsp;<\/p>\n<p><strong>\u05d0\u05d5\u05d9 \u05d5\u05d9\u05e0\u05d4..<\/strong><\/p>\n<p>\u05d0\u05d5\u05e1\u05d8\u05e8\u05d9\u05d4 \u05d1\u05e2\u05d9\u05e0\u05d9 \u05e7\u05d5\u05dc\u05e0\u05d5\u05e2\u05e0\u05d9\u05dd \u05d0\u05d5\u05e1\u05d8\u05e8\u05d9\u05dd<br \/>\n&#8212;&#8212;&#8212;&#8212;<\/p>\n<p><strong>Oy Wina, Oy Vienna, Oj Wien<\/strong><\/p>\n<p>Austria in the eyes of Austrian film makers<\/p>\n<p>Austrian Film Days in Tel Aviv<\/p>\n<p>&nbsp;<\/p>\n<p>11.- 18. April 2009, Cinematheque<\/p>\n<p>&nbsp;<\/p>\n<p><strong>\u00a0<\/strong><\/p>\n<p><strong>Kuratiert vom ritesinstitute (<a href=\"https:\/\/www.derschmidt.com\">Friedemann Derschmidt<\/a> \/ Karin Schneider) und <a href=\"http:\/\/regiowiki.at\/wiki\/Tal_Adler\" rel=\"nofollow\" target=\"_blank\">Tal Adler<\/a><\/strong><\/p>\n<p><strong>Management und Produktionsassistenz: Anna Sz\u00f6ke<\/strong><\/p>\n<p><strong>\u00a0<\/strong><\/p>\n<p>&nbsp;<\/p>\n<p><strong><u>Kurztext<\/u><\/strong><\/p>\n<p><strong><u>\u00a0<\/u><\/strong><\/p>\n<p>Das Film-Festival \u201cOy Wina\u201d (Oj Wien) findet im Rahmen des Beitrages der Stadt Wien zu den Feierlichkeiten 100 Jahre Tel Aviv statt. Es besteht aus einem Hauptprogramm in der Cinematheque und einer Kunstschiene im Center for Contemporary Art.<\/p>\n<p>&nbsp;<\/p>\n<p>Er\u00f6ffnet wird das Programm am 11. April mit dem Film \u201eFreuds verschwundene Nachbarn\u201c von Kurt Mayer: Der Filmamcher begibt sich entlang der Frage, was 1938 mit jenen j\u00fcdischen Nachbarn von Sigmund Freud passierte, die nicht, so wie er und seine Familie emigrieren konnten, von T\u00fcr zu T\u00fcr in der Berggasse 19. Kurt Mayer wird anschlie\u00dfend f\u00fcr ein Publikumsgespr\u00e4ch zur Verf\u00fcgung stehen.<\/p>\n<p>&nbsp;<\/p>\n<p>Gezeigt werden weiters 5 Dokumentar- und 4 Spielfilme und 3 Stummfilme \u00d6sterreichischer Filmemacher, die sich mit \u00d6sterreich auseinandersetzen. Nicht von ungef\u00e4hr sind die von uns ausgew\u00e4hlten Produktionen jene, die sich mit heiklen Fragen einer Gesellschaft auseinandersetzen: Wer sind \u201cwir\u201d und wer wird als \u201cdie Anderen\u201d gesehen? Gerade im Falle \u201c\u00d6sterreich\u201d liegt es auf der Hand, dass die Vergangenheit des Austro- und NS Faschismus und ihre Verdr\u00e4ngung in der 2. Republik diese Identit\u00e4tsbildung beeinflussen \u2013 sowohl die der gesamten zivilen Gesellschaft als auch die je pers\u00f6nliche Lebensgeschichte. Als beeindruckendes Beispiel zeigen wir hierf\u00fcr das ber\u00fchrende Familien-Epos \u201cThe End of the Neubacher Project\u201d von Markus J. Caney. Der Filmemacher wird anschlie\u00dfend f\u00fcr ein Publikumsgespr\u00e4ch zur Verf\u00fcgung stehen.<\/p>\n<p>Einer der gezeigten Spielfilme, \u201cRevanche\u201d, 2008, <strong>G\u00f6tz Spielmann<\/strong>, war dieses Jahr f\u00fcr den Oskar nominiert und der Regisseur von \u201cdie Siebentelbauern\u201d, 1997, <strong>Stefan Ruzowitzky<\/strong>, erhielt letztes Jahr den Oskar f\u00fcr \u201cdie F\u00e4lscher\u201d.<\/p>\n<p>Ein besonderes \u201cGustost\u00fcckerl\u201d ist unser Stummfilmprogramm, das in Kooperation mit der j\u00fcdischen Filmwoche und dem Filmarchiv Austria zusammengestellt wurde. In diesem Rahmen zeigen wir einen der bedeutendsten Filme Yiddischer Kultur und Sprache, \u201cOst und West\u201d, von <strong>Sidney M. Goldin.<\/strong><\/p>\n<p>Ebenfalls in diesem Programm \u201cDie Stadt ohne Juden\u201d nach dem ber\u00fchmten Roman von Hugo Bettauer und \u201cHerzl, der Banntr\u00e4ger des j\u00fcdischen Volkes\u201d.<\/p>\n<p>Einer der Stummfilme wird live von elektronischer Musik begleitet, die speziell f\u00fcr dieses Festival vom israelischen Musiker Harel Schreiber AKA Mule Driver komponiert wurde.<\/p>\n<p>&nbsp;<\/p>\n<p><img data-recalc-dims=\"1\" fetchpriority=\"high\" decoding=\"async\" data-attachment-id=\"560\" data-permalink=\"https:\/\/www.derschmidt.com\/de\/oyvienna_programm\/\" data-orig-file=\"https:\/\/i0.wp.com\/www.twofamilyarchives.com\/wp-content\/uploads\/sites\/4\/2017\/09\/OyVienna_Programm.jpg?fit=5025%2C7038&amp;ssl=1\" data-orig-size=\"5025,7038\" data-comments-opened=\"0\" data-image-meta=\"{&quot;aperture&quot;:&quot;0&quot;,&quot;credit&quot;:&quot;&quot;,&quot;camera&quot;:&quot;&quot;,&quot;caption&quot;:&quot;&quot;,&quot;created_timestamp&quot;:&quot;0&quot;,&quot;copyright&quot;:&quot;&quot;,&quot;focal_length&quot;:&quot;0&quot;,&quot;iso&quot;:&quot;0&quot;,&quot;shutter_speed&quot;:&quot;0&quot;,&quot;title&quot;:&quot;&quot;,&quot;orientation&quot;:&quot;0&quot;}\" data-image-title=\"OyVienna_Programm\" data-image-description=\"\" data-image-caption=\"\" data-medium-file=\"https:\/\/i0.wp.com\/www.twofamilyarchives.com\/wp-content\/uploads\/sites\/4\/2017\/09\/OyVienna_Programm.jpg?fit=214%2C300&amp;ssl=1\" data-large-file=\"https:\/\/i0.wp.com\/www.twofamilyarchives.com\/wp-content\/uploads\/sites\/4\/2017\/09\/OyVienna_Programm.jpg?fit=731%2C1024&amp;ssl=1\" class=\"alignnone wp-image-560 size-large\" src=\"https:\/\/i0.wp.com\/www.twofamilyarchives.com\/wp-content\/uploads\/sites\/4\/2017\/09\/OyVienna_Programm.jpg?resize=731%2C1024&#038;ssl=1\" alt=\"\" width=\"731\" height=\"1024\" srcset=\"https:\/\/i0.wp.com\/www.twofamilyarchives.com\/wp-content\/uploads\/sites\/4\/2017\/09\/OyVienna_Programm.jpg?resize=731%2C1024&amp;ssl=1 731w, https:\/\/i0.wp.com\/www.twofamilyarchives.com\/wp-content\/uploads\/sites\/4\/2017\/09\/OyVienna_Programm.jpg?resize=214%2C300&amp;ssl=1 214w, https:\/\/i0.wp.com\/www.twofamilyarchives.com\/wp-content\/uploads\/sites\/4\/2017\/09\/OyVienna_Programm.jpg?resize=768%2C1076&amp;ssl=1 768w, https:\/\/i0.wp.com\/www.twofamilyarchives.com\/wp-content\/uploads\/sites\/4\/2017\/09\/OyVienna_Programm.jpg?w=1600&amp;ssl=1 1600w, https:\/\/i0.wp.com\/www.twofamilyarchives.com\/wp-content\/uploads\/sites\/4\/2017\/09\/OyVienna_Programm.jpg?w=2400&amp;ssl=1 2400w\" sizes=\"(max-width: 731px) 100vw, 731px\" \/><\/p>","protected":false},"excerpt":{"rendered":"<p>&nbsp; &nbsp; \u05d0\u05d5\u05d9 \u05d5\u05d9\u05e0\u05d4.. \u05d0\u05d5\u05e1\u05d8\u05e8\u05d9\u05d4 \u05d1\u05e2\u05d9\u05e0\u05d9 \u05e7\u05d5\u05dc\u05e0\u05d5\u05e2\u05e0\u05d9\u05dd \u05d0\u05d5\u05e1\u05d8\u05e8\u05d9\u05dd &#8212;&#8212;&#8212;&#8212; Oy Wina, Oy Vienna, Oj Wien Austria in the eyes of<\/p>\n","protected":false},"author":1,"featured_media":557,"comment_status":"open","ping_status":"open","sticky":false,"template":"","format":"standard","meta":{"jetpack_post_was_ever_published":false,"_jetpack_newsletter_access":"","_jetpack_dont_email_post_to_subs":false,"_jetpack_newsletter_tier_id":0,"_jetpack_memberships_contains_paywalled_content":false,"_jetpack_memberships_contains_paid_content":false,"footnotes":"","jetpack_publicize_message":"","jetpack_publicize_feature_enabled":true,"jetpack_social_post_already_shared":true,"jetpack_social_options":{"image_generator_settings":{"template":"highway","enabled":false},"version":2}},"categories":[38],"tags":[],"class_list":["post-1594","post","type-post","status-publish","format-standard","has-post-thumbnail","hentry","category-myour-filmfestival"],"jetpack_publicize_connections":[],"jetpack_featured_media_url":"https:\/\/i0.wp.com\/www.twofamilyarchives.com\/wp-content\/uploads\/sites\/4\/2017\/09\/OyVienna_cov.jpg?fit=2956%2C2069&ssl=1","jetpack_sharing_enabled":true,"jetpack_shortlink":"https:\/\/wp.me\/pdXCWQ-pI","jetpack_likes_enabled":true,"jetpack-related-posts":[],"_links":{"self":[{"href":"https:\/\/www.derschmidt.com\/de\/wp-json\/wp\/v2\/posts\/1594","targetHints":{"allow":["GET"]}}],"collection":[{"href":"https:\/\/www.derschmidt.com\/de\/wp-json\/wp\/v2\/posts"}],"about":[{"href":"https:\/\/www.derschmidt.com\/de\/wp-json\/wp\/v2\/types\/post"}],"author":[{"embeddable":true,"href":"https:\/\/www.derschmidt.com\/de\/wp-json\/wp\/v2\/users\/1"}],"replies":[{"embeddable":true,"href":"https:\/\/www.derschmidt.com\/de\/wp-json\/wp\/v2\/comments?post=1594"}],"version-history":[{"count":1,"href":"https:\/\/www.derschmidt.com\/de\/wp-json\/wp\/v2\/posts\/1594\/revisions"}],"predecessor-version":[{"id":1595,"href":"https:\/\/www.derschmidt.com\/de\/wp-json\/wp\/v2\/posts\/1594\/revisions\/1595"}],"wp:featuredmedia":[{"embeddable":true,"href":"https:\/\/www.derschmidt.com\/de\/wp-json\/wp\/v2\/media\/557"}],"wp:attachment":[{"href":"https:\/\/www.derschmidt.com\/de\/wp-json\/wp\/v2\/media?parent=1594"}],"wp:term":[{"taxonomy":"category","embeddable":true,"href":"https:\/\/www.derschmidt.com\/de\/wp-json\/wp\/v2\/categories?post=1594"},{"taxonomy":"post_tag","embeddable":true,"href":"https:\/\/www.derschmidt.com\/de\/wp-json\/wp\/v2\/tags?post=1594"}],"curies":[{"name":"wp","href":"https:\/\/api.w.org\/{rel}","templated":true}]}}