{"id":1633,"date":"2017-02-02T22:30:45","date_gmt":"2017-02-02T22:30:45","guid":{"rendered":"http:\/\/www.twofamilyarchives.com\/derschmidt\/2018\/10\/31\/buchprasentation-sag-du-es-deinem-kinde-copy-2-copy-copy-copy\/"},"modified":"2018-10-31T22:34:11","modified_gmt":"2018-10-31T22:34:11","slug":"buchprasentation-sag-du-es-deinem-kinde-copy-2-copy-copy-copy","status":"publish","type":"post","link":"https:\/\/www.derschmidt.com\/de\/2017\/02\/02\/buchprasentation-sag-du-es-deinem-kinde-copy-2-copy-copy-copy\/","title":{"rendered":"&#8222;Sag Du es Deinem Kinde&#8220; Academy Bar Salzburg"},"content":{"rendered":"<p>Einladung zur Buchpr\u00e4sentation:<\/p>\n<p>\u201eSag Du es Deinem Kinde! &#8211; Nationalsozialismus in der eigenen Familie&#8220;<\/p>\n<p>Donnerstag, 2. Februar, 19 Uhr<\/p>\n<p>Academy-Bar Franz Josef Stra\u00dfe 4, 5020 Salzburg Eine Veranstaltung des KZ-Verband\/VdA Salzburg<\/p>\n<p><a href=\"https:\/\/www.derschmidt.com\">Friedemann Derschmidt<\/a> pr\u00e4sentiert das aus seiner Spurensuche entstandene Buch \u201eSag Du es Deinem Kinde!&#8220; erstmals in Salzburg.<\/p>\n<p>Ideologische Vererbung in Familien<\/p>\n<p>Verschweigen, verdr\u00e4ngen, kopieren, fortsetzen oder doch opponieren? Wer politische Abl\u00e4ufe verstehen will, wer begreifen will, warum fast 50 Prozent der \u00d6sterreicher und \u00d6sterreicherinnen einen rechtsextremen Burschenschafter bei der Bundespr\u00e4sidentenwahl unterst\u00fctzen, der muss auch in die Familiengeschichten schauen.<\/p>\n<p>Der aus Salzburg stammende und in Wien lebende K\u00fcnstler <a href=\"https:\/\/www.derschmidt.com\">Friedemann Derschmidt<\/a> hat sich auf diese Spurensuche eingelassen. Getreu dem von Hannah Arendt formulierten Motto, dass die Verbrechen des Nationalsozialismus nicht von irgendwelchen Gangstern oder Monstern begangen worden seien, sondern von angesehenen Mitgliedern der Gesellschaft, und der Nazi-Terror mit seinen unvorstellbaren Gr\u00e4ueltaten nicht vom Himmel gefallen sei. Die Nazis waren auch keine von au\u00dfen auftauchenden \u201eAnderen&#8220;, sondern kamen aus der Mitte der Gesellschaft: Die eigenen V\u00e4ter und M\u00fctter, Gro\u00dfeltern, Tanten und Onkel waren \u201edie Nazis&#8220;.<\/p>\n<p>Derschmidt (Jahrgang 1967) entstammt einer ober\u00f6sterreichischen Gro\u00dffamilie, deren Mitglieder sich zahlreich und aktiv f\u00fcr den Nationalsozialismus engagiert hatten, Mitglieder der NSDAP sowie Offiziere bei SA und SS waren. Warum das so war, versucht Derschmidt zu ergr\u00fcnden. Er st\u00f6\u00dft auf seinen Urgro\u00dfvater Heinrich Reichel. Dieser war Universit\u00e4tsprofessor und ein f\u00fchrender Rassenhygieniker. Derschmidt beginnt ein Experiment. Auf einer &#8211; geschlossenen &#8211; Homepage versucht er die Frage zu beantworten, wie es um die &#8222;Vererbung&#8220; von Ideologien steht. Es entsteht eine Mindmap, was zur &#8222;Vererbung&#8220; beitragen k\u00f6nnte. Urgro\u00dfvater Reichel hatte neun Kinder, 36 Enkelkinder und \u00fcber 80 Urenkel. Und Derschmidt fragt modellhaft f\u00fcr andere, wie mit der NS-Vergangenheit von Familienmitgliedern umgegangen wurde und wird.<\/p>\n<p>mit antifaschistischen Gr\u00fc\u00dfen Josef Enzendorfer Obmann<\/p>\n<p>&#8212;<br \/>\nKZ-VERBAND\/VdA SALZBURG<br \/>\nElisabethstra\u00dfe 11<br \/>\n5020 Salzburg<\/p>\n<p>ZVR-681026849<\/p>","protected":false},"excerpt":{"rendered":"<p>Einladung zur Buchpr\u00e4sentation: \u201eSag Du es Deinem Kinde! &#8211; Nationalsozialismus in der eigenen Familie&#8220; Donnerstag, 2. Februar, 19 Uhr Academy-Bar<\/p>\n","protected":false},"author":1,"featured_media":1635,"comment_status":"open","ping_status":"open","sticky":false,"template":"","format":"standard","meta":{"jetpack_post_was_ever_published":false,"_jetpack_newsletter_access":"","_jetpack_dont_email_post_to_subs":false,"_jetpack_newsletter_tier_id":0,"_jetpack_memberships_contains_paywalled_content":false,"_jetpack_memberships_contains_paid_content":false,"footnotes":"","jetpack_publicize_message":"","jetpack_publicize_feature_enabled":true,"jetpack_social_post_already_shared":true,"jetpack_social_options":{"image_generator_settings":{"template":"highway","enabled":false},"version":2}},"categories":[28],"tags":[],"class_list":["post-1633","post","type-post","status-publish","format-standard","has-post-thumbnail","hentry","category-bookpresentation"],"jetpack_publicize_connections":[],"jetpack_featured_media_url":"https:\/\/i0.wp.com\/www.twofamilyarchives.com\/wp-content\/uploads\/sites\/4\/2017\/02\/IMG_1308.jpg?fit=4032%2C3024&ssl=1","jetpack_sharing_enabled":true,"jetpack_shortlink":"https:\/\/wp.me\/pdXCWQ-ql","jetpack_likes_enabled":true,"jetpack-related-posts":[],"_links":{"self":[{"href":"https:\/\/www.derschmidt.com\/de\/wp-json\/wp\/v2\/posts\/1633","targetHints":{"allow":["GET"]}}],"collection":[{"href":"https:\/\/www.derschmidt.com\/de\/wp-json\/wp\/v2\/posts"}],"about":[{"href":"https:\/\/www.derschmidt.com\/de\/wp-json\/wp\/v2\/types\/post"}],"author":[{"embeddable":true,"href":"https:\/\/www.derschmidt.com\/de\/wp-json\/wp\/v2\/users\/1"}],"replies":[{"embeddable":true,"href":"https:\/\/www.derschmidt.com\/de\/wp-json\/wp\/v2\/comments?post=1633"}],"version-history":[{"count":1,"href":"https:\/\/www.derschmidt.com\/de\/wp-json\/wp\/v2\/posts\/1633\/revisions"}],"predecessor-version":[{"id":1634,"href":"https:\/\/www.derschmidt.com\/de\/wp-json\/wp\/v2\/posts\/1633\/revisions\/1634"}],"wp:featuredmedia":[{"embeddable":true,"href":"https:\/\/www.derschmidt.com\/de\/wp-json\/wp\/v2\/media\/1635"}],"wp:attachment":[{"href":"https:\/\/www.derschmidt.com\/de\/wp-json\/wp\/v2\/media?parent=1633"}],"wp:term":[{"taxonomy":"category","embeddable":true,"href":"https:\/\/www.derschmidt.com\/de\/wp-json\/wp\/v2\/categories?post=1633"},{"taxonomy":"post_tag","embeddable":true,"href":"https:\/\/www.derschmidt.com\/de\/wp-json\/wp\/v2\/tags?post=1633"}],"curies":[{"name":"wp","href":"https:\/\/api.w.org\/{rel}","templated":true}]}}