{"id":172,"date":"1999-03-10T06:07:07","date_gmt":"1999-03-10T06:07:07","guid":{"rendered":"http:\/\/demo.themegrill.com\/colormag\/?p=172"},"modified":"2022-01-12T13:49:41","modified_gmt":"2022-01-12T12:49:41","slug":"lacus-ultricies","status":"publish","type":"post","link":"https:\/\/www.derschmidt.com\/de\/1999\/03\/10\/lacus-ultricies\/","title":{"rendered":"Komm und sieh Rudyn"},"content":{"rendered":"<p><span class=\"ft\"><span class=\"hl\">Rudolf Schmitz (Werner Rudyn)\u00a0<\/span>war einer der letzten noch lebenden K\u00fcnstler aus der Bl\u00fctezeit von Kabarett, Variet\u00e9 und Revue. Als Sohn von Textilh\u00e4ndlern 1905 in Wien geboren, tanzt er als Grotesk-, Step-, und Akrobatikt\u00e4nzer, als Schauspieler und Pantomime an den renomiertesten Revue- und Variet\u00e9b\u00fchnen im Wien der 20er Jahre. 1933 geht er wegen des st\u00e4rker werdenden Nationalsozialismus illegal in das damalige britische Protektorat Pal\u00e4stina, wo er w\u00e4hrend der Pionierzeit unz\u00e4hlige Berufe aus\u00fcbt. Im Zweiten Weltkrieg ist er Stage-Manager der Gruppe &#8222;Sheiks of Araby&#8220;, einer gemischten Truppe aus Schauspielern, T\u00e4nzern und Kom\u00f6dianten. Ihre Aufgabe war die Unterhaltung der alliierten Streitkr\u00e4fte von Tunis bis Teheran. In dieser Zeit tanzt er auch f\u00fcr K\u00f6nig Faruk in \u00c4gypten und den Schah von Persien.<\/span><\/p>\n<p><img data-recalc-dims=\"1\" fetchpriority=\"high\" decoding=\"async\" data-attachment-id=\"313\" data-permalink=\"https:\/\/www.derschmidt.com\/de\/1999\/03\/10\/lacus-ultricies\/rudyn_plakat_1999-www\/\" data-orig-file=\"https:\/\/i0.wp.com\/www.twofamilyarchives.com\/wp-content\/uploads\/sites\/4\/2015\/03\/rudyn_plakat_1999-www.jpg?fit=1684%2C2384&amp;ssl=1\" data-orig-size=\"1684,2384\" data-comments-opened=\"0\" data-image-meta=\"{&quot;aperture&quot;:&quot;0&quot;,&quot;credit&quot;:&quot;&quot;,&quot;camera&quot;:&quot;&quot;,&quot;caption&quot;:&quot;&quot;,&quot;created_timestamp&quot;:&quot;0&quot;,&quot;copyright&quot;:&quot;&quot;,&quot;focal_length&quot;:&quot;0&quot;,&quot;iso&quot;:&quot;0&quot;,&quot;shutter_speed&quot;:&quot;0&quot;,&quot;title&quot;:&quot;&quot;,&quot;orientation&quot;:&quot;0&quot;}\" data-image-title=\"rudyn_plakat_1999-www\" data-image-description=\"\" data-image-caption=\"\" data-medium-file=\"https:\/\/i0.wp.com\/www.twofamilyarchives.com\/wp-content\/uploads\/sites\/4\/2015\/03\/rudyn_plakat_1999-www.jpg?fit=212%2C300&amp;ssl=1\" data-large-file=\"https:\/\/i0.wp.com\/www.twofamilyarchives.com\/wp-content\/uploads\/sites\/4\/2015\/03\/rudyn_plakat_1999-www.jpg?fit=723%2C1024&amp;ssl=1\" class=\"alignnone wp-image-313 size-large\" src=\"https:\/\/i0.wp.com\/www.twofamilyarchives.com\/wp-content\/uploads\/sites\/4\/2015\/03\/rudyn_plakat_1999-www.jpg?resize=723%2C1024&#038;ssl=1\" alt=\"\" width=\"723\" height=\"1024\" srcset=\"https:\/\/i0.wp.com\/www.twofamilyarchives.com\/wp-content\/uploads\/sites\/4\/2015\/03\/rudyn_plakat_1999-www.jpg?resize=723%2C1024&amp;ssl=1 723w, https:\/\/i0.wp.com\/www.twofamilyarchives.com\/wp-content\/uploads\/sites\/4\/2015\/03\/rudyn_plakat_1999-www.jpg?resize=212%2C300&amp;ssl=1 212w, https:\/\/i0.wp.com\/www.twofamilyarchives.com\/wp-content\/uploads\/sites\/4\/2015\/03\/rudyn_plakat_1999-www.jpg?resize=768%2C1087&amp;ssl=1 768w, https:\/\/i0.wp.com\/www.twofamilyarchives.com\/wp-content\/uploads\/sites\/4\/2015\/03\/rudyn_plakat_1999-www.jpg?w=1684&amp;ssl=1 1684w, https:\/\/i0.wp.com\/www.twofamilyarchives.com\/wp-content\/uploads\/sites\/4\/2015\/03\/rudyn_plakat_1999-www.jpg?w=1600&amp;ssl=1 1600w\" sizes=\"(max-width: 723px) 100vw, 723px\" \/><\/p>","protected":false},"excerpt":{"rendered":"<p>Rudolf Schmitz (Werner Rudyn)\u00a0war einer der letzten noch lebenden K\u00fcnstler aus der Bl\u00fctezeit von Kabarett, Variet\u00e9 und Revue. Als Sohn<\/p>\n","protected":false},"author":1,"featured_media":315,"comment_status":"open","ping_status":"open","sticky":false,"template":"","format":"standard","meta":{"jetpack_post_was_ever_published":false,"_jetpack_newsletter_access":"","_jetpack_dont_email_post_to_subs":false,"_jetpack_newsletter_tier_id":0,"_jetpack_memberships_contains_paywalled_content":false,"_jetpack_memberships_contains_paid_content":false,"footnotes":"","jetpack_publicize_message":"","jetpack_publicize_feature_enabled":true,"jetpack_social_post_already_shared":true,"jetpack_social_options":{"image_generator_settings":{"template":"highway","enabled":false},"version":2}},"categories":[5],"tags":[],"class_list":["post-172","post","type-post","status-publish","format-standard","has-post-thumbnail","hentry","category-films"],"jetpack_publicize_connections":[],"jetpack_featured_media_url":"https:\/\/i0.wp.com\/www.twofamilyarchives.com\/wp-content\/uploads\/sites\/4\/2015\/03\/rudyn.jpg?fit=1280%2C913&ssl=1","jetpack_sharing_enabled":true,"jetpack_shortlink":"https:\/\/wp.me\/pdXCWQ-2M","jetpack_likes_enabled":true,"jetpack-related-posts":[],"_links":{"self":[{"href":"https:\/\/www.derschmidt.com\/de\/wp-json\/wp\/v2\/posts\/172","targetHints":{"allow":["GET"]}}],"collection":[{"href":"https:\/\/www.derschmidt.com\/de\/wp-json\/wp\/v2\/posts"}],"about":[{"href":"https:\/\/www.derschmidt.com\/de\/wp-json\/wp\/v2\/types\/post"}],"author":[{"embeddable":true,"href":"https:\/\/www.derschmidt.com\/de\/wp-json\/wp\/v2\/users\/1"}],"replies":[{"embeddable":true,"href":"https:\/\/www.derschmidt.com\/de\/wp-json\/wp\/v2\/comments?post=172"}],"version-history":[{"count":6,"href":"https:\/\/www.derschmidt.com\/de\/wp-json\/wp\/v2\/posts\/172\/revisions"}],"predecessor-version":[{"id":2652,"href":"https:\/\/www.derschmidt.com\/de\/wp-json\/wp\/v2\/posts\/172\/revisions\/2652"}],"wp:featuredmedia":[{"embeddable":true,"href":"https:\/\/www.derschmidt.com\/de\/wp-json\/wp\/v2\/media\/315"}],"wp:attachment":[{"href":"https:\/\/www.derschmidt.com\/de\/wp-json\/wp\/v2\/media?parent=172"}],"wp:term":[{"taxonomy":"category","embeddable":true,"href":"https:\/\/www.derschmidt.com\/de\/wp-json\/wp\/v2\/categories?post=172"},{"taxonomy":"post_tag","embeddable":true,"href":"https:\/\/www.derschmidt.com\/de\/wp-json\/wp\/v2\/tags?post=172"}],"curies":[{"name":"wp","href":"https:\/\/api.w.org\/{rel}","templated":true}]}}