{"id":1860,"date":"2016-04-12T11:41:25","date_gmt":"2016-04-12T11:41:25","guid":{"rendered":"http:\/\/www.twofamilyarchives.com\/derschmidt\/?p=1860"},"modified":"2019-11-17T11:49:57","modified_gmt":"2019-11-17T11:49:57","slug":"illustrierte-neue-welt","status":"publish","type":"post","link":"https:\/\/www.derschmidt.com\/de\/2016\/04\/12\/illustrierte-neue-welt\/","title":{"rendered":"Illustrierte Neue Welt"},"content":{"rendered":"\n<h2 class=\"wp-block-heading\">Sich der Vergangenheit stellen <\/h2>\n\n\n\n<p><br>Was passiert, wenn ein Familienmitglied aus einer Gro\u00dffamilie sich mit der Nazivergan\u00adgenheit der Vorfahren auseinandersetzt? Was passiert, wenn ein K\u00fcnstler und sein Cousin, ein Japanologe, sich in einer Internetplattform aufBasis von Web 2.0 der Familiengeschichte stellen? Was passiert, wenn das Schweigen ge\u00adbrochen, die Mythen entlarvt und die L\u00fcgen enttarnt werden, die Jahrzehnte lang in einer Familie kursieren? <br> Friedemann Derschmidts Vorfahren waren NSDAP Mitglieder, Offiziere bei der SS und der SA. Der Urgro\u00dfvater spielte im \u201eSystem Familie&#8220; eine bedeutende Rolle: der Arzt und Universit\u00e4tsprofessor Dr. Heinrich Reiche!, einer der prominentesten Rassenhy\u00adgieni ker \u00d6sterreichs. Dieser starb 1943, war aber nie Mitglied der NSDAP und soll auch die SS-und SA-Mitgliedschaften zweier S\u00f6hne nicht gutgehei\u00dfen haben. Die Euthanasie hat er strikt abgelehnt. Etwa ein Drittel der Familie trat dem Inter\u00adnetprojekt Reiche\/ komplex bei, sp\u00e4ter wurden auch noch Historikerinnen, Soziologinnen, Psychologlnnen und andere Expertinnen in das Projekt miteinbezogen. Der K\u00fcnstler wan\u00addert an den Schnittstellen Kunst, Wissenschaft und pers\u00f6nlicher Biografie. Etwas provokant formulierte er die Frage auf der Homepage, die sinngem\u00e4\u00df lautete: ,,Hat der Eugeniker Dr. Heinrich Reiche! zu Beginn des 20. Jahrhunderts sein ganz pers\u00f6nliches Vererbungsexpe\u00adriment gestartet? Schlie\u00dflich hat er 9 Kinder, 36 Enkel-kinder und \u00fcber 80 Urenkel. Sind wir das Ergebnis eines genetischen Versuches&#8216; Lasst uns dieses Experiment evaluieren \u2026 &#8220; <br>  Ein Cousin des Vaters sprach in einem offenen Brief aus, was viele dachten: er f\u00fchlte sich in seinen Pers\u00f6nlichkeitsrechten ver\u00adletzt und forderte das sofortige Einstellen der Homepage. Derschmidt solle von seinem Fa\u00admilien-Experiment mit pseudowissenschaft\u00adlichem Ansatz Abstand nehmen. Dieser Um\u00adgang ist symptomatisch f\u00fcr \u00d6sterreich, ein Land dessen Bewohnerlnnen sehr lange Opfer waren. Dieser &#8218;f\u00f6ematik widmet sich Margit Reiter in ihrem Text: Framework -Postnatio\u00adnalsozialistische Familien(re)konstruktionen im \u00f6sterreichischen Kontext. Derschmidt machte Interviews mit Verwandten und sammelte eine Menge an Material, von Briefen \u00fcber Fotogra\u00adfien bis hin zu medizinischen Unterlagen, ein umfangreiches Archiv entstand. Das Buch ge\u00adw\u00e4hrt uns Einblicke in dieses Archiv. <br>  Interessant ist der Beitrag von Dietmar Weixler, der selbst Arzt ist und n\u00e4her auf die Lehren des Urgro\u00dfvaters eingeht. Er stellt auch pr\u00e4gnante Fragen: Wie viel Heinrich Reiche\/ lebt in mir fort? oder Sind wir Nachkommen schuldig? <br> Gemeinsam mit dem Israelischen K\u00fcnstler Shimon Lev entwickelte Derschmidt seit 2013 das Projekt Two Family Archives (www.twofa\u00admilyarchives.com). W\u00e4hrend ersterer versucht, unter Einbeziehung der Verwandten, mit den problematischen politischen Verstrickungen der eigenen Familie vor, im und nach dem Nationalsozialismus umzugehen, setzt sich Lev in seiner k\u00fcnstlerischen Arbeit mit den Auswirkungen der Shoa auf seine Familie in der Gegenwart auseinander. <br> Die Publikation z\u00e4hlt zu den 15 sch\u00f6nsten B\u00fcchern \u00d6sterreichs, die 2015 pr\u00e4miert wur\u00ad<br> den: ,,Dem Buch gelingt es durch eine \u00e4u\u00dferst konsequente, \u00fcbersichtliche und informative Gestaltung, formale Klischees von damals wie heute auf neue und ungewohnte Weise zu brechen und so Interesse f\u00fcr ein wichtiges Thema zu wecken \u2026 &#8220; Herzliche Gratulation, Friedemann! <\/p>\n\n\n\n<p>Petra M. Springer<\/p>\n\n\n\n<p><\/p>\n\n\n\n<p><\/p>\n","protected":false},"excerpt":{"rendered":"<p>Sich der Vergangenheit stellen Was passiert, wenn ein Familienmitglied aus einer Gro\u00dffamilie sich mit der Nazivergan\u00adgenheit der Vorfahren auseinandersetzt? Was<\/p>\n","protected":false},"author":1,"featured_media":1863,"comment_status":"open","ping_status":"open","sticky":false,"template":"","format":"standard","meta":{"jetpack_post_was_ever_published":false,"_jetpack_newsletter_access":"","_jetpack_dont_email_post_to_subs":false,"_jetpack_newsletter_tier_id":0,"_jetpack_memberships_contains_paywalled_content":false,"_jetpack_memberships_contains_paid_content":false,"footnotes":"","jetpack_publicize_message":"","jetpack_publicize_feature_enabled":true,"jetpack_social_post_already_shared":true,"jetpack_social_options":{"image_generator_settings":{"template":"highway","enabled":false},"version":2}},"categories":[2,56],"tags":[],"class_list":["post-1860","post","type-post","status-publish","format-standard","has-post-thumbnail","hentry","category-print","category-sag-du-es-deinem-kinde-book"],"jetpack_publicize_connections":[],"jetpack_featured_media_url":"https:\/\/i0.wp.com\/www.twofamilyarchives.com\/wp-content\/uploads\/sites\/4\/2019\/11\/Neue_Welt_SagDuEs-only.jpg?fit=2338%2C1057&ssl=1","jetpack_sharing_enabled":true,"jetpack_shortlink":"https:\/\/wp.me\/pdXCWQ-u0","jetpack_likes_enabled":true,"jetpack-related-posts":[],"_links":{"self":[{"href":"https:\/\/www.derschmidt.com\/de\/wp-json\/wp\/v2\/posts\/1860","targetHints":{"allow":["GET"]}}],"collection":[{"href":"https:\/\/www.derschmidt.com\/de\/wp-json\/wp\/v2\/posts"}],"about":[{"href":"https:\/\/www.derschmidt.com\/de\/wp-json\/wp\/v2\/types\/post"}],"author":[{"embeddable":true,"href":"https:\/\/www.derschmidt.com\/de\/wp-json\/wp\/v2\/users\/1"}],"replies":[{"embeddable":true,"href":"https:\/\/www.derschmidt.com\/de\/wp-json\/wp\/v2\/comments?post=1860"}],"version-history":[{"count":1,"href":"https:\/\/www.derschmidt.com\/de\/wp-json\/wp\/v2\/posts\/1860\/revisions"}],"predecessor-version":[{"id":1864,"href":"https:\/\/www.derschmidt.com\/de\/wp-json\/wp\/v2\/posts\/1860\/revisions\/1864"}],"wp:featuredmedia":[{"embeddable":true,"href":"https:\/\/www.derschmidt.com\/de\/wp-json\/wp\/v2\/media\/1863"}],"wp:attachment":[{"href":"https:\/\/www.derschmidt.com\/de\/wp-json\/wp\/v2\/media?parent=1860"}],"wp:term":[{"taxonomy":"category","embeddable":true,"href":"https:\/\/www.derschmidt.com\/de\/wp-json\/wp\/v2\/categories?post=1860"},{"taxonomy":"post_tag","embeddable":true,"href":"https:\/\/www.derschmidt.com\/de\/wp-json\/wp\/v2\/tags?post=1860"}],"curies":[{"name":"wp","href":"https:\/\/api.w.org\/{rel}","templated":true}]}}