{"id":2086,"date":"2020-12-27T12:50:35","date_gmt":"2020-12-27T11:50:35","guid":{"rendered":"https:\/\/www.derschmidt.com\/?p=2086"},"modified":"2025-03-30T09:50:57","modified_gmt":"2025-03-30T07:50:57","slug":"neuauflage-sag-du-es","status":"publish","type":"post","link":"https:\/\/www.derschmidt.com\/de\/2020\/12\/27\/neuauflage-sag-du-es\/","title":{"rendered":"2te \u00fcberarbeitete Neuauflage &#8222;Sag Du es Deinem Kinde &#8211; Nationalsozialismus in der eigenen Familie&#8220; endlich erh\u00e4ltlich!"},"content":{"rendered":"<\/p>\r\n<h3><strong>Ausz\u00fcge aus den bisherigen Presseberichten (Links zum Nachh\u00f6ren, schauen und lesen)<\/strong>:<\/h3>\r\n<p>&nbsp;<\/p>\r\n<p><strong><a href=\"https:\/\/www.derschmidt.com\/de\/2023\/11\/13\/deutsch-radio-o1-menschenbilder-20231112\/\">Radio \u00d61 Menschenbilder: Friedemann Derschmidt\u00a0 12.11.2023;<\/a> Sabine Nikolay\u2028<\/strong><\/p>\r\n<p><strong><a href=\"https:\/\/www.derschmidt.com\/wp-admin\/post.php?post=2665&amp;action=edit\">ORF TV Dokumentarfilm: Meine Grosseltern, die Nazi;<\/a> A 2022; Uli J\u00fcrgens<\/strong><\/p>\r\n<p><strong><a href=\"https:\/\/www.derschmidt.com\/de\/2022\/05\/09\/gazeta_wyborzca2022\/\">Gazeta Wyborzca; 21 lutego 2022;<\/a> Katarzyna Brejwo\u2028<\/strong><\/p>\r\n<p><strong><a href=\"https:\/\/www.twofamilyarchives.com\/wp-content\/uploads\/sites\/4\/2019\/09\/Einsichten_Perspektiven-Bayrische_Landeszentrale-ocr.pdf\">Bayrische Zeitschrift f\u00fcr Politik und Geschichte 2\/2019<\/a> Monika Franz<\/strong><\/p>\r\n<p><strong><a href=\"https:\/\/www.twofamilyarchives.com\/wp-content\/uploads\/sites\/4\/2018\/07\/20180724_LaCroix.pdf\">\u2028LaCroix (F) Friedemann Derschmidt, les silences nazis en h\u00e9ritage; 25\/07\/2018;<\/a> Jean-Baptiste Fran\u00e7ois\u2028<\/strong><\/p>\r\n<p><strong><a href=\"https:\/\/www.derschmidt.com\/de\/2018\/07\/22\/deutsch-radio-o1-gedanken-22-7-2018-copy\/\">Radio \u00d61; Gedanken 22.7.2018;<\/a> Bernhard Eppensteiner<\/strong><\/p>\r\n<p><strong><a href=\"https:\/\/www.derschmidt.com\/de\/2017\/09\/26\/kulturjournal-2-12-7-tage-o1\/\">Radio\u00d61 Dimensionen: 26.9.2017 Postmemory;<\/a> Uli J\u00fcrgens \u2028<\/strong><\/p>\r\n<p><strong><a href=\"https:\/\/www.derschmidt.com\/de\/2016\/12\/02\/profil-2-12-2016\/\">Profil (2 Seiten); 2.12.2016 Geliebter Todfeind;<\/a> Wolfgang Paterno \u2028<\/strong><\/p>\r\n<p><strong><a href=\"https:\/\/www.derschmidt.com\/de\/2016\/12\/02\/kulturjournal-2-12-7\/\">Radio \u00d61 Kulturjournal, \u00a0Filminstallation \u201c4xSally\u201d 2.12.2016 im J\u00fcdischen Museum;<\/a> Anna Soucek\u2028<\/strong><\/p>\r\n<p><strong><a href=\"https:\/\/www.derschmidt.com\/de\/2016\/11\/10\/fm4-10-11-2015-beitrag-zu-sag-du-es-deinem-kinde\/\">Radio FM4; 10.11.2015 Beitrag zu SAG DU ES DEINEM KINDE;<\/a> Alexandra Augustin\u2028<\/strong><\/p>\r\n<p><strong><a href=\"https:\/\/www.derschmidt.com\/de\/2016\/10\/10\/der-standard-10-10-2016\/\">Der Standard; 10.10.2016 Das aktuelle Buch: ,,Ideologische Vererbungslehre&#8220;;<\/a> Thomas Neuhold\u2028<\/strong><\/p>\r\n<p><strong><a href=\"https:\/\/www.derschmidt.com\/de\/2016\/09\/03\/die-presse-3-9-2016\/\">Die Presse; 3.9.2016 Ausstieg aus dem System Familie;<\/a> Katharina Riese\u2028<\/strong><\/p>\r\n<p><strong><a href=\"https:\/\/www.twofamilyarchives.com\/de\/blog\/2016\/02\/profil-8-2-2016\/\">Profil; 8.2.2016 Kein Entkommen;<\/a> Wolfgang Paterno\u2028<\/strong><\/p>\r\n<p><strong><a href=\"https:\/\/www.derschmidt.com\/de\/2015\/03\/20\/heimat-fremde-heimat\/\">ORF2 TV 08.05.2016 \u201eK\u00fcnstler gegen rechts\u201c;<\/a> Dalibor Hysek\u2028<\/strong><\/p>\r\n<p><strong><a href=\"https:\/\/www.derschmidt.com\/de\/2015\/03\/29\/orf-orientierung\/\">ORF2 TV 29.03.2015 ,.Sag Du es Deinem Kinde!\u201d;<\/a> Christian Rathner\u2028<\/strong><\/p>\r\n<p><strong><a href=\"https:\/\/www.derschmidt.com\/de\/2014\/07\/23\/taz-on-23-juli-2014\/\">TAZ 23.07.2014 Wand voller Fliegen;<\/a> Susanne Knaul\u2028<\/strong><\/p>\r\n<p><strong><a href=\"https:\/\/www.twofamilyarchives.com\/de\/blog\/2014\/07\/coverstory-in-jerusalem-post-from-11-july-2014\/\">Jerusalem Post Coverstory 11.07.2014 A TALE OF TWO FAMILIES;<\/a> Barry Davis\u00a0<\/strong><\/p>\r\n<p>&nbsp;<\/p>\r\n<p>&nbsp;<\/p>\r\n\r\n<p>&nbsp;<\/p>\r\n\r\n<p><strong>Film:<\/strong><\/p>\r\n\r\n<p>&nbsp;<\/p>\r\n\r\n<p class=\"has-small-font-size\"><em><strong>Das Phantom der Erinnerung<\/strong><\/em><br \/>Ein Film von <a href=\"https:\/\/www.derschmidt.com\">Friedemann Derschmidt<\/a> mit<a href=\"https:\/\/de.wikipedia.org\/wiki\/Ilana_Shmueli\" rel=\"nofollow\" target=\"_blank\"> Ilana Shmueli<\/a><br \/>A 2013 <a href=\"https:\/\/www.derschmidt.com\">Friedemann Derschmidt<\/a>; kurt mayer film<br \/>Diagonale Preitr\u00e4ger: Bester Kurzdokumentarfilm 2013<\/p>\r\n\r\n<p>&nbsp;<\/p>\r\n\r\n<p class=\"has-small-font-size\"><br \/><em>&#8222;Wozu Erinnern? Was wollen wir damit? Wir sagen, wir wollen daraus lernen. Jetzt geschieht das aber nicht\u2026 und das wissen wir sogar. Seit Jahrhunderten geschieht das nicht\u2026<\/em>&#8222;<br \/>Aus dem Mund der Dichterin und Holocaust-\u00dcberlebenden<a href=\"https:\/\/de.wikipedia.org\/wiki\/Ilana_Shmueli\" target=\"_blank\" rel=\"noreferrer noopener\"> Ilana Shmueli<\/a>, der letzten Geliebten Paul Celans, klingen diese Worte besonders irritierend. Gerade in der Zeit, in der uns die letzten \u201eZeitzeugen\u201c der Shoah und des zweiten Weltkriegs f\u00fcr immer verlassen, stellt sie fest: <em>&#8222;Indem man einen ganzen Tag alte Damen erz\u00e4hlen l\u00e4sst, wie schwer sie es im KZ oder im Ghetto\u2026 gehabt haben \u2013 wie oft will man noch? Das klingt doch schon alles ausgeleiert und ich kann das nicht mehr ertragen.&#8220;<\/em><\/p>\r\n\r\n<p>&nbsp;<\/p>\r\n\r\n<p class=\"has-small-font-size\">Gemeinsam mit <a href=\"https:\/\/www.derschmidt.com\">Friedemann Derschmidt<\/a> macht sie sich daran, mit Hilfe dieses Films andere Wege zu finden und die Frage nach dem Erinnern neu zu formulieren.<strong>kann man hier auch ansehen!<\/strong><br \/><a href=\"https:\/\/www.derschmidt.com\/de\/2013\/04\/24\/phantom-of-memory\/\" target=\"_blank\" rel=\"noreferrer noopener\"><strong>&#8212;&gt;&gt;&gt; Hier geht\u00b4s zum Film &lt;&lt;&lt;&#8212;<\/strong><\/a><\/p>\r\n<!-- \/wp:paragraph -->\r\n<p>&nbsp;<\/p>\r\n<!-- wp:paragraph -->\r\n<p>&nbsp;<\/p>\r\n<p><!-- wp:paragraph --><\/p>\r\n<h3><strong>Ausz\u00fcge aus den bisherigen Presseberichten (Links zum Nachh\u00f6ren, schauen und lesen)<\/strong>:<\/h3>\r\n<p>&nbsp;<\/p>\r\n<p><strong><a href=\"https:\/\/www.derschmidt.com\/de\/2023\/11\/13\/deutsch-radio-o1-menschenbilder-20231112\/\">Radio \u00d61 Menschenbilder: Friedemann Derschmidt\u00a0 12.11.2023;<\/a> Sabine Nikolay\u2028<\/strong><\/p>\r\n<p><strong><a href=\"https:\/\/www.derschmidt.com\/wp-admin\/post.php?post=2665&amp;action=edit\">ORF TV Dokumentarfilm: Meine Grosseltern, die Nazi;<\/a> A 2022; Uli J\u00fcrgens<\/strong><\/p>\r\n<p><strong><a href=\"https:\/\/www.derschmidt.com\/de\/2022\/05\/09\/gazeta_wyborzca2022\/\">Gazeta Wyborzca; 21 lutego 2022;<\/a> Katarzyna Brejwo\u2028<\/strong><\/p>\r\n<p><strong><a href=\"https:\/\/www.twofamilyarchives.com\/wp-content\/uploads\/sites\/4\/2019\/09\/Einsichten_Perspektiven-Bayrische_Landeszentrale-ocr.pdf\">Bayrische Zeitschrift f\u00fcr Politik und Geschichte 2\/2019<\/a> Monika Franz<\/strong><\/p>\r\n<p><strong><a href=\"https:\/\/www.twofamilyarchives.com\/wp-content\/uploads\/sites\/4\/2018\/07\/20180724_LaCroix.pdf\">\u2028LaCroix (F) Friedemann Derschmidt, les silences nazis en h\u00e9ritage; 25\/07\/2018;<\/a> Jean-Baptiste Fran\u00e7ois\u2028<\/strong><\/p>\r\n<p><strong><a href=\"https:\/\/www.derschmidt.com\/de\/2018\/07\/22\/deutsch-radio-o1-gedanken-22-7-2018-copy\/\">Radio \u00d61; Gedanken 22.7.2018;<\/a> Bernhard Eppensteiner<\/strong><\/p>\r\n<p><strong><a href=\"https:\/\/www.derschmidt.com\/de\/2017\/09\/26\/kulturjournal-2-12-7-tage-o1\/\">Radio\u00d61 Dimensionen: 26.9.2017 Postmemory;<\/a> Uli J\u00fcrgens \u2028<\/strong><\/p>\r\n<p><strong><a href=\"https:\/\/www.derschmidt.com\/de\/2016\/12\/02\/profil-2-12-2016\/\">Profil (2 Seiten); 2.12.2016 Geliebter Todfeind;<\/a> Wolfgang Paterno \u2028<\/strong><\/p>\r\n<p><strong><a href=\"https:\/\/www.derschmidt.com\/de\/2016\/12\/02\/kulturjournal-2-12-7\/\">Radio \u00d61 Kulturjournal, \u00a0Filminstallation \u201c4xSally\u201d 2.12.2016 im J\u00fcdischen Museum;<\/a> Anna Soucek\u2028<\/strong><\/p>\r\n<p><strong><a href=\"https:\/\/www.derschmidt.com\/de\/2016\/11\/10\/fm4-10-11-2015-beitrag-zu-sag-du-es-deinem-kinde\/\">Radio FM4; 10.11.2015 Beitrag zu SAG DU ES DEINEM KINDE;<\/a> Alexandra Augustin\u2028<\/strong><\/p>\r\n<p><strong><a href=\"https:\/\/www.derschmidt.com\/de\/2016\/10\/10\/der-standard-10-10-2016\/\">Der Standard; 10.10.2016 Das aktuelle Buch: ,,Ideologische Vererbungslehre&#8220;;<\/a> Thomas Neuhold\u2028<\/strong><\/p>\r\n<p><strong><a href=\"https:\/\/www.derschmidt.com\/de\/2016\/09\/03\/die-presse-3-9-2016\/\">Die Presse; 3.9.2016 Ausstieg aus dem System Familie;<\/a> Katharina Riese\u2028<\/strong><\/p>\r\n<p><strong><a href=\"https:\/\/www.twofamilyarchives.com\/de\/blog\/2016\/02\/profil-8-2-2016\/\">Profil; 8.2.2016 Kein Entkommen;<\/a> Wolfgang Paterno\u2028<\/strong><\/p>\r\n<p><strong><a href=\"https:\/\/www.derschmidt.com\/de\/2015\/03\/20\/heimat-fremde-heimat\/\">ORF2 TV 08.05.2016 \u201eK\u00fcnstler gegen rechts\u201c;<\/a> Dalibor Hysek\u2028<\/strong><\/p>\r\n<p><strong><a href=\"https:\/\/www.derschmidt.com\/de\/2015\/03\/29\/orf-orientierung\/\">ORF2 TV 29.03.2015 ,.Sag Du es Deinem Kinde!\u201d;<\/a> Christian Rathner\u2028<\/strong><\/p>\r\n<p><strong><a href=\"https:\/\/www.derschmidt.com\/de\/2014\/07\/23\/taz-on-23-juli-2014\/\">TAZ 23.07.2014 Wand voller Fliegen;<\/a> Susanne Knaul\u2028<\/strong><\/p>\r\n<p><strong><a href=\"https:\/\/www.twofamilyarchives.com\/de\/blog\/2014\/07\/coverstory-in-jerusalem-post-from-11-july-2014\/\">Jerusalem Post Coverstory 11.07.2014 A TALE OF TWO FAMILIES;<\/a> Barry Davis\u00a0<\/strong><\/p>\r\n<p>&nbsp;<\/p>\r\n<p>&nbsp;<\/p>\r\n<!-- wp:paragraph -->\r\n<p>&nbsp;<\/p>\r\n<!-- wp:paragraph -->\r\n<p><strong>Film:<\/strong><\/p>\r\n<!-- \/wp:paragraph -->\r\n<p>&nbsp;<\/p>\r\n<!-- wp:paragraph {\"fontSize\":\"small\"} -->\r\n<p class=\"has-small-font-size\"><em><strong>Das Phantom der Erinnerung<\/strong><\/em><br \/>Ein Film von <a href=\"https:\/\/www.derschmidt.com\">Friedemann Derschmidt<\/a> mit<a href=\"https:\/\/de.wikipedia.org\/wiki\/Ilana_Shmueli\" rel=\"nofollow\" target=\"_blank\"> Ilana Shmueli<\/a><br \/>A 2013 <a href=\"https:\/\/www.derschmidt.com\">Friedemann Derschmidt<\/a>; kurt mayer film<br \/>Diagonale Preitr\u00e4ger: Bester Kurzdokumentarfilm 2013<\/p>\r\n<!-- \/wp:paragraph -->\r\n<p>&nbsp;<\/p>\r\n<!-- wp:paragraph {\"fontSize\":\"small\"} -->\r\n<p class=\"has-small-font-size\"><br \/><em>&#8222;Wozu Erinnern? Was wollen wir damit? Wir sagen, wir wollen daraus lernen. Jetzt geschieht das aber nicht\u2026 und das wissen wir sogar. Seit Jahrhunderten geschieht das nicht\u2026<\/em>&#8222;<br \/>Aus dem Mund der Dichterin und Holocaust-\u00dcberlebenden<a href=\"https:\/\/de.wikipedia.org\/wiki\/Ilana_Shmueli\" target=\"_blank\" rel=\"noreferrer noopener\"> Ilana Shmueli<\/a>, der letzten Geliebten Paul Celans, klingen diese Worte besonders irritierend. Gerade in der Zeit, in der uns die letzten \u201eZeitzeugen\u201c der Shoah und des zweiten Weltkriegs f\u00fcr immer verlassen, stellt sie fest: <em>&#8222;Indem man einen ganzen Tag alte Damen erz\u00e4hlen l\u00e4sst, wie schwer sie es im KZ oder im Ghetto\u2026 gehabt haben \u2013 wie oft will man noch? Das klingt doch schon alles ausgeleiert und ich kann das nicht mehr ertragen.&#8220;<\/em><\/p>\r\n<!-- \/wp:paragraph -->\r\n<p>&nbsp;<\/p>\r\n<!-- wp:paragraph {\"fontSize\":\"small\"} -->\r\n<p class=\"has-small-font-size\">Gemeinsam mit <a href=\"https:\/\/www.derschmidt.com\">Friedemann Derschmidt<\/a> macht sie sich daran, mit Hilfe dieses Films andere Wege zu finden und die Frage nach dem Erinnern neu zu formulieren.<strong>kann man hier auch ansehen!<\/strong><br \/><a href=\"https:\/\/www.derschmidt.com\/de\/2013\/04\/24\/phantom-of-memory\/\" target=\"_blank\" rel=\"noreferrer noopener\"><strong>&#8212;&gt;&gt;&gt; Hier geht\u00b4s zum Film &lt;&lt;&lt;&#8212;<\/strong><\/a><\/p>\r\n<!-- \/wp:paragraph --><!-- \/wp:post-content --><!-- \/wp:paragraph -->\r\n<p>&nbsp;<\/p>\r\n<!-- wp:paragraph -->\r\n<p>&nbsp;<\/p>\r\n<!-- wp:paragraph -->\r\n<h3><strong>Ausz\u00fcge aus den bisherigen Presseberichten (Links zum Nachh\u00f6ren, schauen und lesen)<\/strong>:<\/h3>\r\n<p>&nbsp;<\/p>\r\n<p><strong><a href=\"https:\/\/www.derschmidt.com\/de\/2023\/11\/13\/deutsch-radio-o1-menschenbilder-20231112\/\">Radio \u00d61 Menschenbilder: Friedemann Derschmidt\u00a0 12.11.2023;<\/a> Sabine Nikolay\u2028<\/strong><\/p>\r\n<p><strong><a href=\"https:\/\/www.derschmidt.com\/wp-admin\/post.php?post=2665&amp;action=edit\">ORF TV Dokumentarfilm: Meine Grosseltern, die Nazi;<\/a> A 2022; Uli J\u00fcrgens<\/strong><\/p>\r\n<p><strong><a href=\"https:\/\/www.derschmidt.com\/de\/2022\/05\/09\/gazeta_wyborzca2022\/\">Gazeta Wyborzca; 21 lutego 2022;<\/a> Katarzyna Brejwo\u2028<\/strong><\/p>\r\n<p><strong><a href=\"https:\/\/www.twofamilyarchives.com\/wp-content\/uploads\/sites\/4\/2019\/09\/Einsichten_Perspektiven-Bayrische_Landeszentrale-ocr.pdf\">Bayrische Zeitschrift f\u00fcr Politik und Geschichte 2\/2019<\/a> Monika Franz<\/strong><\/p>\r\n<p><strong><a href=\"https:\/\/www.twofamilyarchives.com\/wp-content\/uploads\/sites\/4\/2018\/07\/20180724_LaCroix.pdf\">\u2028LaCroix (F) Friedemann Derschmidt, les silences nazis en h\u00e9ritage; 25\/07\/2018;<\/a> Jean-Baptiste Fran\u00e7ois\u2028 <\/strong><\/p>\r\n<p><strong><a href=\"https:\/\/www.derschmidt.com\/de\/2018\/07\/22\/deutsch-radio-o1-gedanken-22-7-2018-copy\/\">Radio \u00d61; Gedanken 22.7.2018;<\/a> Bernhard Eppensteiner<\/strong><\/p>\r\n<p><strong><a href=\"https:\/\/www.derschmidt.com\/de\/2017\/09\/26\/kulturjournal-2-12-7-tage-o1\/\">Radio\u00d61 Dimensionen: 26.9.2017 Postmemory;<\/a> Uli J\u00fcrgens \u2028<\/strong><\/p>\r\n<p><strong><a href=\"https:\/\/www.derschmidt.com\/de\/2016\/12\/02\/profil-2-12-2016\/\">Profil (2 Seiten); 2.12.2016 Geliebter Todfeind;<\/a> Wolfgang Paterno \u2028<\/strong><\/p>\r\n<p><strong><a href=\"https:\/\/www.derschmidt.com\/de\/2016\/12\/02\/kulturjournal-2-12-7\/\">Radio \u00d61 Kulturjournal, \u00a0Filminstallation \u201c4xSally\u201d 2.12.2016 im J\u00fcdischen Museum;<\/a> Anna Soucek\u2028<\/strong><\/p>\r\n<p><strong><a href=\"https:\/\/www.derschmidt.com\/de\/2016\/11\/10\/fm4-10-11-2015-beitrag-zu-sag-du-es-deinem-kinde\/\">Radio FM4; 10.11.2015 Beitrag zu SAG DU ES DEINEM KINDE;<\/a> Alexandra Augustin\u2028<\/strong><\/p>\r\n<p><strong><a href=\"https:\/\/www.derschmidt.com\/de\/2016\/10\/10\/der-standard-10-10-2016\/\">Der Standard; 10.10.2016 Das aktuelle Buch: ,,Ideologische Vererbungslehre&#8220;;<\/a> Thomas Neuhold\u2028<\/strong><\/p>\r\n<p><strong><a href=\"https:\/\/www.derschmidt.com\/de\/2016\/09\/03\/die-presse-3-9-2016\/\">Die Presse; 3.9.2016 Ausstieg aus dem System Familie;<\/a> Katharina Riese\u2028<\/strong><\/p>\r\n<p><strong><a href=\"https:\/\/www.twofamilyarchives.com\/de\/blog\/2016\/02\/profil-8-2-2016\/\">Profil; 8.2.2016 Kein Entkommen;<\/a> Wolfgang Paterno\u2028<\/strong><\/p>\r\n<p><strong><a href=\"https:\/\/www.derschmidt.com\/de\/2015\/03\/20\/heimat-fremde-heimat\/\">ORF2 TV 08.05.2016 \u201eK\u00fcnstler gegen rechts\u201c;<\/a> Dalibor Hysek\u2028<\/strong><\/p>\r\n<p><strong><a href=\"https:\/\/www.derschmidt.com\/de\/2015\/03\/29\/orf-orientierung\/\">ORF2 TV 29.03.2015 ,.Sag Du es Deinem Kinde!\u201d;<\/a> Christian Rathner\u2028<\/strong><\/p>\r\n<p><strong><a href=\"https:\/\/www.derschmidt.com\/de\/2014\/07\/23\/taz-on-23-juli-2014\/\">TAZ 23.07.2014 Wand voller Fliegen;<\/a> Susanne Knaul\u2028<\/strong><\/p>\r\n<p><strong><a href=\"https:\/\/www.twofamilyarchives.com\/de\/blog\/2014\/07\/coverstory-in-jerusalem-post-from-11-july-2014\/\">Jerusalem Post Coverstory 11.07.2014 A TALE OF TWO FAMILIES;<\/a> Barry Davis\u00a0<\/strong><br \/><br \/><\/p>\r\n<!-- \/wp:paragraph -->\r\n<p>&nbsp;<\/p>\r\n<!-- wp:paragraph -->\r\n<p><strong>Film:<\/strong><\/p>\r\n<!-- \/wp:paragraph -->\r\n<p>&nbsp;<\/p>\r\n<!-- wp:paragraph {\"fontSize\":\"small\"} -->\r\n<p class=\"has-small-font-size\"><em><strong>Das Phantom der Erinnerung<\/strong><\/em><br \/>Ein Film von <a href=\"https:\/\/www.derschmidt.com\">Friedemann Derschmidt<\/a> mit<a href=\"https:\/\/de.wikipedia.org\/wiki\/Ilana_Shmueli\" rel=\"nofollow\" target=\"_blank\"> Ilana Shmueli<\/a><br \/>A 2013 <a href=\"https:\/\/www.derschmidt.com\">Friedemann Derschmidt<\/a>; kurt mayer film<br \/>Diagonale Preitr\u00e4ger: Bester Kurzdokumentarfilm 2013<\/p>\r\n<!-- \/wp:paragraph -->\r\n<p>&nbsp;<\/p>\r\n<!-- wp:paragraph {\"fontSize\":\"small\"} -->\r\n<p>&#8222;Why remember? What do we aim to achieve with it? We claim that we want to learn from it. But this is not happening&#8230; and we are fully aware of that. It hasn\u2019t happened for centuries&#8230;&#8220;<\/p>\r\n<p>These words, spoken by the poet and Holocaust survivor<a href=\"https:\/\/de.wikipedia.org\/wiki\/Ilana_Shmueli\" rel=\"nofollow\" target=\"_blank\"> Ilana Shmueli<\/a>, the last lover of Paul Celan, sound particularly unsettling. Especially at a time when the last &#8222;witnesses&#8220; of the Holocaust and World War II are passing away forever, she observes: &#8222;Having elderly women recount how difficult it was for them in the concentration camps or ghettos&#8230; how often do we want to hear this? It all sounds so repetitive, and I can no longer endure it.&#8220;<\/p>\r\n<p>Together with <a href=\"https:\/\/www.derschmidt.com\">Friedemann Derschmidt<\/a>, she sets out to find new ways to approach remembrance and reformulate the question of memory, with the help of this film.<\/p>\r\n<p><a href=\"https:\/\/www.derschmidt.com\/de\/2013\/04\/24\/phantom-of-memory\/\">&#8212;&gt;&gt;&gt; Click here to watch the film &lt;&lt;&lt;&#8212;<\/a><\/p>\r\n<p class=\"has-small-font-size\">\u00a0<\/p>\r\n<!-- \/wp:paragraph --><!-- wp:paragraph -->\r\n<p><span class=\"has-inline-color has-vivid-red-color\">Die \u00fcberarbeitete Neuauflage des Buches ist erschienen!<\/span><\/p>\r\n<!-- \/wp:paragraph -->\r\n<p>&nbsp;<\/p>\r\n<!-- wp:paragraph \/-->\r\n<p>&nbsp;<\/p>\r\n<!-- wp:paragraph -->\r\n<p>&#8222;Sag Du es Deinem Kinde &#8211; Nationalsozialismus in der eigenen Familie&#8220; ist im Oktober 2015 erschienen und war innerhalb eines <span class=\"has-inline-color has-vivid-red-color\">Jahres komplett ausverkauft<\/span> und f\u00fcr etwa dreieinhalb Jahren vergriffen. <span class=\"has-inline-color has-vivid-red-color\">Die Erstausgabe <\/span>hat viele Reaktionen ausgel\u00f6st und ist umfangreich in den Medien besprochen worden. Schaun Sie sich dazu die Links weiter unten an. Das Buch wurde 2015 als eines der <a href=\"http:\/\/schoenstebuecher.at\/buch\/sag-du-es-deinem-kinde\/\" target=\"_blank\" rel=\"noreferrer noopener\">15 sch\u00f6nsten B\u00fccher \u00d6sterreichs<\/a> ausgezeichnet (was der grossartigen <a href=\"https:\/\/manuelradde.com\/\" target=\"_blank\" rel=\"noreferrer noopener\">Gestaltung von Manuel Radde<\/a> zu verdanken ist). Der Jury war allerdings klar, dass diese Auszeichnung im Titel missverst\u00e4ndlich sein k\u00f6nnte und daher hiess es in der Begr\u00fcndung:<\/p>\r\n<!-- \/wp:paragraph -->\r\n<p>&nbsp;<\/p>\r\n<!-- wp:paragraph -->\r\n<p><em>&#8222;<span class=\"has-inline-color\">Nationalsozialisten waren in einer typischen \u00f6sterreichischen Familie nicht die \u201eAnderen\u201c, sondern in der Regel Teil davon. <a href=\"https:\/\/www.derschmidt.com\">Friedemann Derschmidt<\/a> geht am Beispiel seiner eigenen Familie der Frage nach, welche Vorzeichen an Weltanschauungen schon zu Beginn des 20. Jahrhunderts f\u00fcr die sp\u00e4tere Begeisterung am Nazi-Regime erkennbar waren und welche Aspekte davon sich bis in die Gegenwart nachverfolgen lassen. Dem Buch gelingt es durch eine \u00e4u\u00dferst konsequente, \u00fcbersichtliche und informative Gestaltung, formale Klischees von damals wie heute auf neue und ungewohnte Weise zu brechen und so Interesse f\u00fcr ein wichtiges Thema zu wecken, von dem man glauben k\u00f6nnte, man habe schon genug geh\u00f6rt. Das Klima der Zeit wird in der Kraft der Seitengestaltung sp\u00fcrbar. Das Buch will nicht \u201esch\u00f6n\u201c sein, aber es \u00f6ffnet einen Raum zwischen Vergangenheit und gegenw\u00e4rtiger Betrachtungsweise, der es erlaubt, sich auf das Thema intensiv einzulasse<\/span><span class=\"has-inline-color has-vivid-green-cyan-color\">n&#8220;<\/span><\/em><\/p>\r\n<p>&nbsp;<\/p>\r\n<p>Leseprobe <a href=\"https:\/\/wp.me\/pdXCWQ-N8\">1. Kapitel: Reichel komplex<\/a><\/p>\r\n<!-- \/wp:paragraph -->\r\n<p>&nbsp;<\/p>\r\n<!-- wp:image {\"id\":2522,\"sizeSlug\":\"large\"} -->\r\n<figure class=\"wp-block-image size-large\"><img data-recalc-dims=\"1\" fetchpriority=\"high\" decoding=\"async\" width=\"800\" height=\"800\" data-attachment-id=\"2522\" data-permalink=\"https:\/\/www.derschmidt.com\/de\/2020\/12\/27\/neuauflage-sag-du-es\/buch-altneu-2e\/\" data-orig-file=\"https:\/\/i0.wp.com\/www.twofamilyarchives.com\/wp-content\/uploads\/sites\/4\/2020\/11\/Buch-altneu-2e.jpg?fit=2048%2C2048&amp;ssl=1\" data-orig-size=\"2048,2048\" data-comments-opened=\"0\" data-image-meta=\"{&quot;aperture&quot;:&quot;0&quot;,&quot;credit&quot;:&quot;&quot;,&quot;camera&quot;:&quot;&quot;,&quot;caption&quot;:&quot;&quot;,&quot;created_timestamp&quot;:&quot;0&quot;,&quot;copyright&quot;:&quot;&quot;,&quot;focal_length&quot;:&quot;0&quot;,&quot;iso&quot;:&quot;0&quot;,&quot;shutter_speed&quot;:&quot;0&quot;,&quot;title&quot;:&quot;&quot;,&quot;orientation&quot;:&quot;1&quot;}\" data-image-title=\"Buch-altneu-2e\" data-image-description=\"\" data-image-caption=\"\" data-medium-file=\"https:\/\/i0.wp.com\/www.twofamilyarchives.com\/wp-content\/uploads\/sites\/4\/2020\/11\/Buch-altneu-2e.jpg?fit=300%2C300&amp;ssl=1\" data-large-file=\"https:\/\/i0.wp.com\/www.twofamilyarchives.com\/wp-content\/uploads\/sites\/4\/2020\/11\/Buch-altneu-2e.jpg?fit=800%2C800&amp;ssl=1\" class=\"wp-image-2522\" src=\"https:\/\/i0.wp.com\/www.twofamilyarchives.com\/wp-content\/uploads\/sites\/4\/2020\/11\/Buch-altneu-2e.jpg?resize=800%2C800&#038;ssl=1\" alt=\"\" srcset=\"https:\/\/i0.wp.com\/www.twofamilyarchives.com\/wp-content\/uploads\/sites\/4\/2020\/11\/Buch-altneu-2e.jpg?resize=1024%2C1024&amp;ssl=1 1024w, https:\/\/i0.wp.com\/www.twofamilyarchives.com\/wp-content\/uploads\/sites\/4\/2020\/11\/Buch-altneu-2e.jpg?resize=300%2C300&amp;ssl=1 300w, https:\/\/i0.wp.com\/www.twofamilyarchives.com\/wp-content\/uploads\/sites\/4\/2020\/11\/Buch-altneu-2e.jpg?resize=150%2C150&amp;ssl=1 150w, https:\/\/i0.wp.com\/www.twofamilyarchives.com\/wp-content\/uploads\/sites\/4\/2020\/11\/Buch-altneu-2e.jpg?resize=768%2C768&amp;ssl=1 768w, https:\/\/i0.wp.com\/www.twofamilyarchives.com\/wp-content\/uploads\/sites\/4\/2020\/11\/Buch-altneu-2e.jpg?resize=1536%2C1536&amp;ssl=1 1536w, https:\/\/i0.wp.com\/www.twofamilyarchives.com\/wp-content\/uploads\/sites\/4\/2020\/11\/Buch-altneu-2e.jpg?w=2048&amp;ssl=1 2048w, https:\/\/i0.wp.com\/www.twofamilyarchives.com\/wp-content\/uploads\/sites\/4\/2020\/11\/Buch-altneu-2e.jpg?w=1600&amp;ssl=1 1600w\" sizes=\"(max-width: 800px) 100vw, 800px\" \/><\/figure>\r\n<!-- \/wp:image -->\r\n<p>&nbsp;<\/p>\r\n<!-- wp:paragraph -->\r\n<p>Seither bin ich sehr oft gefragt worden, wie man noch zu einer Ausgabe kommen k\u00f6nne und ich habe immer an den Verlag verwiesen.<\/p>\r\n<!-- \/wp:paragraph -->\r\n<p>&nbsp;<\/p>\r\n<!-- wp:paragraph -->\r\n<p>2020 habe ich mich dann mit dem Verlag auf einen \u00fcberarbeiteten Neudruck geeinigt und ich habe das Buch \u00fcberarbeitet und erweitert. In die neue und ver\u00e4nderte Ausgabe habe ich vor allem auch Reaktionen von Leserinnen und Lesern auf die erste Ausgabe eingearbeitet sowie weiter Texte von mir aus meiner aktuellen Arbeit zu den Themen Konzentrationslager Gunskirchen und zur medizinischen Forschung im milit\u00e4rischen Kontext am Vorabend des ersten Weltkrieges, an der mein Urgro\u00dfvater Dr. Heinrich Reichel beteiligt gewesen ist. Auch gibt es einen neuen Text des in New York lebenden <a href=\"https:\/\/talgur.net\/bio\/\" target=\"_blank\" rel=\"noreferrer noopener\">israelischen Musikers und Psychotherapeuten Tal Gur,<\/a> der sich in seinem <a href=\"https:\/\/www.volkstheater.at\/stueck\/ministerium-fuer-erinnerung\/\" target=\"_blank\" rel=\"noreferrer noopener\">Projekt MindCrossing<\/a> gemeinsam mit der israelischen <a href=\"https:\/\/www.jasmin-avissar.net\/biography\" target=\"_blank\" rel=\"noreferrer noopener\">T\u00e4nzerin Jasmin Avissar <\/a>mit der trans-generationellen inneren Systemik seiner m\u00fctterlichen Familie auseinandersetzt, wo beide Gro\u00dfeltern \u00dcberlebende von Konzentrationslagern waren.<\/p>\r\n<!-- \/wp:paragraph -->\r\n<p>&nbsp;<\/p>\r\n<!-- wp:paragraph -->\r\n<p>Das Buch ist fertig und ich muss mich an dieser Stelle bei <a href=\"https:\/\/www.manuelradde.com\/\" target=\"_blank\" rel=\"noreferrer noopener\">Manuel Radde <\/a>bedanken, der diese \u00dcberarbeitung f\u00fcr mich gemacht hat. Das Gleiche gilt f\u00fcr <a href=\"http:\/\/www.schreibgut.at\/\" target=\"_blank\" rel=\"noreferrer noopener\">Verena Hauser,<\/a> die das Lektorat f\u00fcr die neu hinzugekommenen Texte gemacht hat.<\/p>\r\n<!-- \/wp:paragraph -->\r\n<p>&nbsp;<\/p>\r\n<!-- wp:paragraph -->\r\n<p>&nbsp;<\/p>\r\n<!-- \/wp:paragraph -->\r\n<p>&nbsp;<\/p>\r\n<!-- wp:separator --><hr class=\"wp-block-separator\" \/><!-- \/wp:separator -->\r\n<p>&nbsp;<\/p>\r\n<!-- wp:separator --><hr class=\"wp-block-separator\" \/><!-- \/wp:separator -->\r\n<p>&nbsp;<\/p>\r\n<!-- wp:paragraph -->\r\n<p><strong>Buch:<br \/>Sag Du es Deinem Kinde &#8211; Nationalsozialismus in der eigenen Familie<\/strong><br \/><a href=\"https:\/\/www.derschmidt.com\">Friedemann Derschmidt<\/a><br \/><a href=\"http:\/\/www.loecker-verlag.at\/sites\/dynamic.pl?sid=&amp;action=shop&amp;item=436&amp;group=28\">L\u00f6cker Verlag<\/a><br \/>17 x 23,5 cm | Broschur<br \/>344 Seiten | \u20ac 29,80<br \/>ISBN 978-3-99098-057-6<\/p>\r\n<!-- \/wp:paragraph -->\r\n<p>&nbsp;<\/p>\r\n<!-- wp:paragraph -->\r\n<p><a href=\"https:\/\/www.derschmidt.com\">Friedemann Derschmidt<\/a> besch\u00e4ftigt sich mit der Frage, wie die nationalsozialistische Ideologie bewusst oder unbewusst \u00fcber Generationen in den Familien weitergetragen wird und wie weit der \u201cGeist des Vergangenen\u201d nachwirkt. In ironischer Reaktion auf die \u201crassenhygienischen Vererbungstheorien\u201d seines Urgro\u00dfvaters, dem namhaften Eugeniker Univ. Prof. Dr. Heinrich Reichel (Graz, Wien), stellt Derschmidt die Frage nach einer \u201cIdeologischen Vererbungslehre\u201d. Der Autor versucht unter Einbeziehung aller mitbetroffenen lebenden Verwandten, M\u00f6glichkeiten zu finden und Methoden zu schaffen, mit den problematischen politischen Verstrickungen der eigenen Familie vor, im und nach dem Nationalsozialismus umzugehen.Mit Beitr\u00e4gen von Robert und Brigitte Brown, Bernhard, Eckhart und Wiltrud Derschmidt, Wolfgang Freidl, Mathilde Furtenbach, Ambros Gruber, Anton und Irmgard Jiresch, Tal Gur, Herbert W. Rabl, Margit Reiter, Klaus Sch\u00f6nberger, Agnes Suda, Luise Wascher und Simon Wascher und Dietmar Weixler.<\/p>\r\n<!-- \/wp:paragraph -->\r\n<p>&nbsp;<\/p>\r\n<!-- wp:paragraph -->\r\n<p>Mit Reaktionen auf die erste Auflage und mhreren neuen Texten \/ Kapiteln \u00a0<\/p>\r\n<!-- \/wp:paragraph -->\r\n<p>&nbsp;<\/p>\r\n<!-- wp:separator --><hr class=\"wp-block-separator\" \/><!-- \/wp:separator -->\r\n<p>&nbsp;<\/p>\r\n<!-- wp:paragraph -->\r\n<p>&nbsp;<\/p>\r\n<p><!-- wp:paragraph --><\/p>\r\n<h3><strong>Ausz\u00fcge aus den bisherigen Presseberichten (Links zum Nachh\u00f6ren, schauen und lesen)<\/strong>:<\/h3>\r\n<p>&nbsp;<\/p>\r\n<p><strong><a href=\"https:\/\/www.derschmidt.com\/de\/2023\/11\/13\/deutsch-radio-o1-menschenbilder-20231112\/\">Radio \u00d61 Menschenbilder: Friedemann Derschmidt\u00a0 12.11.2023;<\/a> Sabine Nikolay\u2028<\/strong><\/p>\r\n<p><strong><a href=\"https:\/\/www.derschmidt.com\/wp-admin\/post.php?post=2665&amp;action=edit\">ORF TV Dokumentarfilm: Meine Grosseltern, die Nazi;<\/a> A 2022; Uli J\u00fcrgens<\/strong><\/p>\r\n<p><strong><a href=\"https:\/\/www.derschmidt.com\/de\/2022\/05\/09\/gazeta_wyborzca2022\/\">Gazeta Wyborzca; 21 lutego 2022;<\/a> Katarzyna Brejwo\u2028<\/strong><\/p>\r\n<p><strong><a href=\"https:\/\/www.twofamilyarchives.com\/wp-content\/uploads\/sites\/4\/2019\/09\/Einsichten_Perspektiven-Bayrische_Landeszentrale-ocr.pdf\">Bayrische Zeitschrift f\u00fcr Politik und Geschichte 2\/2019<\/a> Monika Franz<\/strong><\/p>\r\n<p><strong><a href=\"https:\/\/www.twofamilyarchives.com\/wp-content\/uploads\/sites\/4\/2018\/07\/20180724_LaCroix.pdf\">\u2028LaCroix (F) Friedemann Derschmidt, les silences nazis en h\u00e9ritage; 25\/07\/2018;<\/a> Jean-Baptiste Fran\u00e7ois\u2028<\/strong><\/p>\r\n<p><strong><a href=\"https:\/\/www.derschmidt.com\/de\/2018\/07\/22\/deutsch-radio-o1-gedanken-22-7-2018-copy\/\">Radio \u00d61; Gedanken 22.7.2018;<\/a> Bernhard Eppensteiner<\/strong><\/p>\r\n<p><strong><a href=\"https:\/\/www.derschmidt.com\/de\/2017\/09\/26\/kulturjournal-2-12-7-tage-o1\/\">Radio\u00d61 Dimensionen: 26.9.2017 Postmemory;<\/a> Uli J\u00fcrgens \u2028<\/strong><\/p>\r\n<p><strong><a href=\"https:\/\/www.derschmidt.com\/de\/2016\/12\/02\/profil-2-12-2016\/\">Profil (2 Seiten); 2.12.2016 Geliebter Todfeind;<\/a> Wolfgang Paterno \u2028<\/strong><\/p>\r\n<p><strong><a href=\"https:\/\/www.derschmidt.com\/de\/2016\/12\/02\/kulturjournal-2-12-7\/\">Radio \u00d61 Kulturjournal, \u00a0Filminstallation \u201c4xSally\u201d 2.12.2016 im J\u00fcdischen Museum;<\/a> Anna Soucek\u2028<\/strong><\/p>\r\n<p><strong><a href=\"https:\/\/www.derschmidt.com\/de\/2016\/11\/10\/fm4-10-11-2015-beitrag-zu-sag-du-es-deinem-kinde\/\">Radio FM4; 10.11.2015 Beitrag zu SAG DU ES DEINEM KINDE;<\/a> Alexandra Augustin\u2028<\/strong><\/p>\r\n<p><strong><a href=\"https:\/\/www.derschmidt.com\/de\/2016\/10\/10\/der-standard-10-10-2016\/\">Der Standard; 10.10.2016 Das aktuelle Buch: ,,Ideologische Vererbungslehre&#8220;;<\/a> Thomas Neuhold\u2028<\/strong><\/p>\r\n<p><strong><a href=\"https:\/\/www.derschmidt.com\/de\/2016\/09\/03\/die-presse-3-9-2016\/\">Die Presse; 3.9.2016 Ausstieg aus dem System Familie;<\/a> Katharina Riese\u2028<\/strong><\/p>\r\n<p><strong><a href=\"https:\/\/www.twofamilyarchives.com\/de\/blog\/2016\/02\/profil-8-2-2016\/\">Profil; 8.2.2016 Kein Entkommen;<\/a> Wolfgang Paterno\u2028<\/strong><\/p>\r\n<p><strong><a href=\"https:\/\/www.derschmidt.com\/de\/2015\/03\/20\/heimat-fremde-heimat\/\">ORF2 TV 08.05.2016 \u201eK\u00fcnstler gegen rechts\u201c;<\/a> Dalibor Hysek\u2028<\/strong><\/p>\r\n<p><strong><a href=\"https:\/\/www.derschmidt.com\/de\/2015\/03\/29\/orf-orientierung\/\">ORF2 TV 29.03.2015 ,.Sag Du es Deinem Kinde!\u201d;<\/a> Christian Rathner\u2028<\/strong><\/p>\r\n<p><strong><a href=\"https:\/\/www.derschmidt.com\/de\/2014\/07\/23\/taz-on-23-juli-2014\/\">TAZ 23.07.2014 Wand voller Fliegen;<\/a> Susanne Knaul\u2028<\/strong><\/p>\r\n<p><strong><a href=\"https:\/\/www.twofamilyarchives.com\/de\/blog\/2014\/07\/coverstory-in-jerusalem-post-from-11-july-2014\/\">Jerusalem Post Coverstory 11.07.2014 A TALE OF TWO FAMILIES;<\/a> Barry Davis\u00a0<\/strong><\/p>\r\n<p>&nbsp;<\/p>\r\n<p>&nbsp;<\/p>\r\n<!-- wp:paragraph -->\r\n<p>&nbsp;<\/p>\r\n<!-- wp:paragraph -->\r\n<p><strong>Film:<\/strong><\/p>\r\n<!-- \/wp:paragraph -->\r\n<p>&nbsp;<\/p>\r\n<!-- wp:paragraph {\"fontSize\":\"small\"} -->\r\n<p class=\"has-small-font-size\"><em><strong>Das Phantom der Erinnerung<\/strong><\/em><br \/>Ein Film von <a href=\"https:\/\/www.derschmidt.com\">Friedemann Derschmidt<\/a> mit<a href=\"https:\/\/de.wikipedia.org\/wiki\/Ilana_Shmueli\" rel=\"nofollow\" target=\"_blank\"> Ilana Shmueli<\/a><br \/>A 2013 <a href=\"https:\/\/www.derschmidt.com\">Friedemann Derschmidt<\/a>; kurt mayer film<br \/>Diagonale Preitr\u00e4ger: Bester Kurzdokumentarfilm 2013<\/p>\r\n<!-- \/wp:paragraph -->\r\n<p>&nbsp;<\/p>\r\n<!-- wp:paragraph {\"fontSize\":\"small\"} -->\r\n<p class=\"has-small-font-size\"><br \/><em>&#8222;Wozu Erinnern? Was wollen wir damit? Wir sagen, wir wollen daraus lernen. Jetzt geschieht das aber nicht\u2026 und das wissen wir sogar. Seit Jahrhunderten geschieht das nicht\u2026<\/em>&#8222;<br \/>Aus dem Mund der Dichterin und Holocaust-\u00dcberlebenden<a href=\"https:\/\/de.wikipedia.org\/wiki\/Ilana_Shmueli\" target=\"_blank\" rel=\"noreferrer noopener\"> Ilana Shmueli<\/a>, der letzten Geliebten Paul Celans, klingen diese Worte besonders irritierend. Gerade in der Zeit, in der uns die letzten \u201eZeitzeugen\u201c der Shoah und des zweiten Weltkriegs f\u00fcr immer verlassen, stellt sie fest: <em>&#8222;Indem man einen ganzen Tag alte Damen erz\u00e4hlen l\u00e4sst, wie schwer sie es im KZ oder im Ghetto\u2026 gehabt haben \u2013 wie oft will man noch? Das klingt doch schon alles ausgeleiert und ich kann das nicht mehr ertragen.&#8220;<\/em><\/p>\r\n<!-- \/wp:paragraph -->\r\n<p>&nbsp;<\/p>\r\n<!-- wp:paragraph {\"fontSize\":\"small\"} -->\r\n<p class=\"has-small-font-size\">Gemeinsam mit <a href=\"https:\/\/www.derschmidt.com\">Friedemann Derschmidt<\/a> macht sie sich daran, mit Hilfe dieses Films andere Wege zu finden und die Frage nach dem Erinnern neu zu formulieren.<strong>kann man hier auch ansehen!<\/strong><br \/><a href=\"https:\/\/www.derschmidt.com\/de\/2013\/04\/24\/phantom-of-memory\/\" target=\"_blank\" rel=\"noreferrer noopener\"><strong>&#8212;&gt;&gt;&gt; Hier geht\u00b4s zum Film &lt;&lt;&lt;&#8212;<\/strong><\/a><\/p>\r\n<!-- \/wp:paragraph --><!-- \/wp:post-content --><!-- \/wp:paragraph -->\r\n<p>&nbsp;<\/p>\r\n<!-- wp:paragraph -->\r\n<p><a href=\"https:\/\/www.derschmidt.com\">Friedemann Derschmidt <\/a>explores the question of how National Socialist ideology is consciously or unconsciously passed down through generations within families, and to what extent the &#8222;spirit of the past&#8220; continues to have an impact. In an ironic response to the &#8222;racial hygiene inheritance theories&#8220; of his great-grandfather, the renowned eugenicist Univ. Prof. Dr. Heinrich Reichel (Graz, Vienna), Derschmidt poses the question of an &#8222;Ideological Theory of Inheritance.&#8220; The author, involving all living relatives affected, seeks to find ways and develop methods for dealing with the problematic political entanglements of his own family before, during, and after the National Socialist era.<\/p>\r\n<p class=\"\" data-start=\"695\" data-end=\"1004\">The book includes contributions from Robert and Brigitte Brown, Bernhard, Eckhart, and Wiltrud Derschmidt, Wolfgang Freidl, Mathilde Furtenbach, Ambros Gruber, Anton and Irmgard Jiresch, Tal Gur, Herbert W. Rabl, Margit Reiter, Klaus Sch\u00f6nberger, Agnes Suda, Luise Wascher, Simon Wascher, and Dietmar Weixler.<\/p>\r\n<p class=\"\" data-start=\"1006\" data-end=\"1083\">With responses to the first edition and approximately 15% new texts\/chapters.<\/p>\r\n<p>&nbsp;<\/p>\r\n<!-- wp:separator --><hr class=\"wp-block-separator\" \/><!-- \/wp:separator -->\r\n<p>&nbsp;<\/p>\r\n<!-- wp:paragraph -->\r\n<p>&nbsp;<\/p>\r\n<!-- wp:paragraph -->\r\n<h3><strong>Ausz\u00fcge aus den bisherigen Presseberichten (Links zum Nachh\u00f6ren, schauen und lesen)<\/strong>:<\/h3>\r\n<p>&nbsp;<\/p>\r\n<p><strong><a href=\"https:\/\/www.derschmidt.com\/de\/2023\/11\/13\/deutsch-radio-o1-menschenbilder-20231112\/\">Radio \u00d61 Menschenbilder: Friedemann Derschmidt\u00a0 12.11.2023;<\/a> Sabine Nikolay\u2028<\/strong><\/p>\r\n<p><strong><a href=\"https:\/\/www.derschmidt.com\/wp-admin\/post.php?post=2665&amp;action=edit\">ORF TV Dokumentarfilm: Meine Grosseltern, die Nazi;<\/a> A 2022; Uli J\u00fcrgens<\/strong><\/p>\r\n<p><strong><a href=\"https:\/\/www.derschmidt.com\/de\/2022\/05\/09\/gazeta_wyborzca2022\/\">Gazeta Wyborzca; 21 lutego 2022;<\/a> Katarzyna Brejwo\u2028<\/strong><\/p>\r\n<p><strong><a href=\"https:\/\/www.twofamilyarchives.com\/wp-content\/uploads\/sites\/4\/2019\/09\/Einsichten_Perspektiven-Bayrische_Landeszentrale-ocr.pdf\">Bayrische Zeitschrift f\u00fcr Politik und Geschichte 2\/2019<\/a> Monika Franz<\/strong><\/p>\r\n<p><strong><a href=\"https:\/\/www.twofamilyarchives.com\/wp-content\/uploads\/sites\/4\/2018\/07\/20180724_LaCroix.pdf\">\u2028LaCroix (F) Friedemann Derschmidt, les silences nazis en h\u00e9ritage; 25\/07\/2018;<\/a> Jean-Baptiste Fran\u00e7ois\u2028 <\/strong><\/p>\r\n<p><strong><a href=\"https:\/\/www.derschmidt.com\/de\/2018\/07\/22\/deutsch-radio-o1-gedanken-22-7-2018-copy\/\">Radio \u00d61; Gedanken 22.7.2018;<\/a> Bernhard Eppensteiner<\/strong><\/p>\r\n<p><strong><a href=\"https:\/\/www.derschmidt.com\/de\/2017\/09\/26\/kulturjournal-2-12-7-tage-o1\/\">Radio\u00d61 Dimensionen: 26.9.2017 Postmemory;<\/a> Uli J\u00fcrgens \u2028<\/strong><\/p>\r\n<p><strong><a href=\"https:\/\/www.derschmidt.com\/de\/2016\/12\/02\/profil-2-12-2016\/\">Profil (2 Seiten); 2.12.2016 Geliebter Todfeind;<\/a> Wolfgang Paterno \u2028<\/strong><\/p>\r\n<p><strong><a href=\"https:\/\/www.derschmidt.com\/de\/2016\/12\/02\/kulturjournal-2-12-7\/\">Radio \u00d61 Kulturjournal, \u00a0Filminstallation \u201c4xSally\u201d 2.12.2016 im J\u00fcdischen Museum;<\/a> Anna Soucek\u2028<\/strong><\/p>\r\n<p><strong><a href=\"https:\/\/www.derschmidt.com\/de\/2016\/11\/10\/fm4-10-11-2015-beitrag-zu-sag-du-es-deinem-kinde\/\">Radio FM4; 10.11.2015 Beitrag zu SAG DU ES DEINEM KINDE;<\/a> Alexandra Augustin\u2028<\/strong><\/p>\r\n<p><strong><a href=\"https:\/\/www.derschmidt.com\/de\/2016\/10\/10\/der-standard-10-10-2016\/\">Der Standard; 10.10.2016 Das aktuelle Buch: ,,Ideologische Vererbungslehre&#8220;;<\/a> Thomas Neuhold\u2028<\/strong><\/p>\r\n<p><strong><a href=\"https:\/\/www.derschmidt.com\/de\/2016\/09\/03\/die-presse-3-9-2016\/\">Die Presse; 3.9.2016 Ausstieg aus dem System Familie;<\/a> Katharina Riese\u2028<\/strong><\/p>\r\n<p><strong><a href=\"https:\/\/www.twofamilyarchives.com\/de\/blog\/2016\/02\/profil-8-2-2016\/\">Profil; 8.2.2016 Kein Entkommen;<\/a> Wolfgang Paterno\u2028<\/strong><\/p>\r\n<p><strong><a href=\"https:\/\/www.derschmidt.com\/de\/2015\/03\/20\/heimat-fremde-heimat\/\">ORF2 TV 08.05.2016 \u201eK\u00fcnstler gegen rechts\u201c;<\/a> Dalibor Hysek\u2028<\/strong><\/p>\r\n<p><strong><a href=\"https:\/\/www.derschmidt.com\/de\/2015\/03\/29\/orf-orientierung\/\">ORF2 TV 29.03.2015 ,.Sag Du es Deinem Kinde!\u201d;<\/a> Christian Rathner\u2028<\/strong><\/p>\r\n<p><strong><a href=\"https:\/\/www.derschmidt.com\/de\/2014\/07\/23\/taz-on-23-juli-2014\/\">TAZ 23.07.2014 Wand voller Fliegen;<\/a> Susanne Knaul\u2028<\/strong><\/p>\r\n<p><strong><a href=\"https:\/\/www.twofamilyarchives.com\/de\/blog\/2014\/07\/coverstory-in-jerusalem-post-from-11-july-2014\/\">Jerusalem Post Coverstory 11.07.2014 A TALE OF TWO FAMILIES;<\/a> Barry Davis\u00a0<\/strong><br \/><br \/><\/p>\r\n<!-- \/wp:heading -->\r\n<p>&nbsp;<\/p>\r\n<!-- wp:paragraph -->\r\n<p><strong>Film:<\/strong><\/p>\r\n<!-- \/wp:paragraph -->\r\n<p>&nbsp;<\/p>\r\n<!-- wp:paragraph {\"fontSize\":\"small\"} -->\r\n<p class=\"has-small-font-size\"><em><strong>Das Phantom der Erinnerung<\/strong><\/em><br \/>Ein Film von <a href=\"https:\/\/www.derschmidt.com\">Friedemann Derschmidt<\/a> mit<a href=\"https:\/\/de.wikipedia.org\/wiki\/Ilana_Shmueli\" rel=\"nofollow\" target=\"_blank\"> Ilana Shmueli<\/a><br \/>A 2013 <a href=\"https:\/\/www.derschmidt.com\">Friedemann Derschmidt<\/a>; kurt mayer film<br \/>Diagonale Preitr\u00e4ger: Bester Kurzdokumentarfilm 2013<\/p>\r\n<!-- \/wp:paragraph -->\r\n<p>&nbsp;<\/p>\r\n<!-- wp:paragraph {\"fontSize\":\"small\"} -->\r\n<p>&#8222;Why remember? What do we aim to achieve with it? We claim that we want to learn from it. But this is not happening&#8230; and we are fully aware of that. It hasn\u2019t happened for centuries&#8230;&#8220;<\/p>\r\n<p>These words, spoken by the poet and Holocaust survivor<a href=\"https:\/\/de.wikipedia.org\/wiki\/Ilana_Shmueli\" rel=\"nofollow\" target=\"_blank\"> Ilana Shmueli<\/a>, the last lover of Paul Celan, sound particularly unsettling. Especially at a time when the last &#8222;witnesses&#8220; of the Holocaust and World War II are passing away forever, she observes: &#8222;Having elderly women recount how difficult it was for them in the concentration camps or ghettos&#8230; how often do we want to hear this? It all sounds so repetitive, and I can no longer endure it.&#8220;<\/p>\r\n<p>Together with <a href=\"https:\/\/www.derschmidt.com\">Friedemann Derschmidt<\/a>, she sets out to find new ways to approach remembrance and reformulate the question of memory, with the help of this film.<\/p>\r\n<p><a href=\"https:\/\/www.derschmidt.com\/de\/2013\/04\/24\/phantom-of-memory\/\">&#8212;&gt;&gt;&gt; Click here to watch the film &lt;&lt;&lt;&#8212;<\/a><\/p>\r\n<p class=\"has-small-font-size\">\u00a0<\/p>\r\n<!-- \/wp:paragraph --><!-- wp:paragraph -->\r\n<p><span class=\"has-inline-color has-vivid-red-color\">Die \u00fcberarbeitete Neuauflage des Buches ist erschienen!<\/span><\/p>\r\n<!-- \/wp:paragraph -->\r\n<p>&nbsp;<\/p>\r\n<!-- wp:paragraph --><!-- \/wp:paragraph -->\r\n<p>&nbsp;<\/p>\r\n<!-- wp:paragraph -->\r\n<p>&#8222;Sag Du es Deinem Kinde &#8211; Nationalsozialismus in der eigenen Familie&#8220; ist im Oktober 2015 erschienen und war innerhalb eines <span class=\"has-inline-color has-vivid-red-color\">Jahres komplett ausverkauft<\/span> und f\u00fcr etwa dreieinhalb Jahren vergriffen. <span class=\"has-inline-color has-vivid-red-color\">Die Erstausgabe <\/span>hat viele Reaktionen ausgel\u00f6st und ist umfangreich in den Medien besprochen worden. Schaun Sie sich dazu die Links weiter unten an. Das Buch wurde 2015 als eines der <a href=\"http:\/\/schoenstebuecher.at\/buch\/sag-du-es-deinem-kinde\/\" target=\"_blank\" rel=\"noreferrer noopener\">15 sch\u00f6nsten B\u00fccher \u00d6sterreichs<\/a> ausgezeichnet (was der grossartigen <a href=\"https:\/\/manuelradde.com\/\" target=\"_blank\" rel=\"noreferrer noopener\">Gestaltung von Manuel Radde<\/a> zu verdanken ist). Der Jury war allerdings klar, dass diese Auszeichnung im Titel missverst\u00e4ndlich sein k\u00f6nnte und daher hiess es in der Begr\u00fcndung:<\/p>\r\n<!-- \/wp:paragraph -->\r\n<p>&nbsp;<\/p>\r\n<!-- wp:paragraph -->\r\n<p><em>&#8222;<span class=\"has-inline-color\">Nationalsozialisten waren in einer typischen \u00f6sterreichischen Familie nicht die \u201eAnderen\u201c, sondern in der Regel Teil davon. <a href=\"https:\/\/www.derschmidt.com\">Friedemann Derschmidt<\/a> geht am Beispiel seiner eigenen Familie der Frage nach, welche Vorzeichen an Weltanschauungen schon zu Beginn des 20. Jahrhunderts f\u00fcr die sp\u00e4tere Begeisterung am Nazi-Regime erkennbar waren und welche Aspekte davon sich bis in die Gegenwart nachverfolgen lassen. Dem Buch gelingt es durch eine \u00e4u\u00dferst konsequente, \u00fcbersichtliche und informative Gestaltung, formale Klischees von damals wie heute auf neue und ungewohnte Weise zu brechen und so Interesse f\u00fcr ein wichtiges Thema zu wecken, von dem man glauben k\u00f6nnte, man habe schon genug geh\u00f6rt. Das Klima der Zeit wird in der Kraft der Seitengestaltung sp\u00fcrbar. Das Buch will nicht \u201esch\u00f6n\u201c sein, aber es \u00f6ffnet einen Raum zwischen Vergangenheit und gegenw\u00e4rtiger Betrachtungsweise, der es erlaubt, sich auf das Thema intensiv einzulasse<\/span><span class=\"has-inline-color has-vivid-green-cyan-color\">n&#8220;<\/span><\/em><\/p>\r\n<p>&nbsp;<\/p>\r\n<p>Leseprobe <a href=\"https:\/\/wp.me\/pdXCWQ-N8\">1. Kapitel: Reichel komplex<\/a><\/p>\r\n<!-- \/wp:paragraph -->\r\n<p>&nbsp;<\/p>\r\n<!-- wp:image {\"id\":2522,\"sizeSlug\":\"large\"} -->\r\n<figure class=\"wp-block-image size-large\"><img data-recalc-dims=\"1\" fetchpriority=\"high\" decoding=\"async\" width=\"800\" height=\"800\" data-attachment-id=\"2522\" data-permalink=\"https:\/\/www.derschmidt.com\/de\/2020\/12\/27\/neuauflage-sag-du-es\/buch-altneu-2e\/\" data-orig-file=\"https:\/\/i0.wp.com\/www.twofamilyarchives.com\/wp-content\/uploads\/sites\/4\/2020\/11\/Buch-altneu-2e.jpg?fit=2048%2C2048&amp;ssl=1\" data-orig-size=\"2048,2048\" data-comments-opened=\"0\" data-image-meta=\"{&quot;aperture&quot;:&quot;0&quot;,&quot;credit&quot;:&quot;&quot;,&quot;camera&quot;:&quot;&quot;,&quot;caption&quot;:&quot;&quot;,&quot;created_timestamp&quot;:&quot;0&quot;,&quot;copyright&quot;:&quot;&quot;,&quot;focal_length&quot;:&quot;0&quot;,&quot;iso&quot;:&quot;0&quot;,&quot;shutter_speed&quot;:&quot;0&quot;,&quot;title&quot;:&quot;&quot;,&quot;orientation&quot;:&quot;1&quot;}\" data-image-title=\"Buch-altneu-2e\" data-image-description=\"\" data-image-caption=\"\" data-medium-file=\"https:\/\/i0.wp.com\/www.twofamilyarchives.com\/wp-content\/uploads\/sites\/4\/2020\/11\/Buch-altneu-2e.jpg?fit=300%2C300&amp;ssl=1\" data-large-file=\"https:\/\/i0.wp.com\/www.twofamilyarchives.com\/wp-content\/uploads\/sites\/4\/2020\/11\/Buch-altneu-2e.jpg?fit=800%2C800&amp;ssl=1\" class=\"wp-image-2522\" src=\"https:\/\/i0.wp.com\/www.twofamilyarchives.com\/wp-content\/uploads\/sites\/4\/2020\/11\/Buch-altneu-2e.jpg?resize=800%2C800&#038;ssl=1\" alt=\"\" srcset=\"https:\/\/i0.wp.com\/www.twofamilyarchives.com\/wp-content\/uploads\/sites\/4\/2020\/11\/Buch-altneu-2e.jpg?resize=1024%2C1024&amp;ssl=1 1024w, https:\/\/i0.wp.com\/www.twofamilyarchives.com\/wp-content\/uploads\/sites\/4\/2020\/11\/Buch-altneu-2e.jpg?resize=300%2C300&amp;ssl=1 300w, https:\/\/i0.wp.com\/www.twofamilyarchives.com\/wp-content\/uploads\/sites\/4\/2020\/11\/Buch-altneu-2e.jpg?resize=150%2C150&amp;ssl=1 150w, https:\/\/i0.wp.com\/www.twofamilyarchives.com\/wp-content\/uploads\/sites\/4\/2020\/11\/Buch-altneu-2e.jpg?resize=768%2C768&amp;ssl=1 768w, https:\/\/i0.wp.com\/www.twofamilyarchives.com\/wp-content\/uploads\/sites\/4\/2020\/11\/Buch-altneu-2e.jpg?resize=1536%2C1536&amp;ssl=1 1536w, https:\/\/i0.wp.com\/www.twofamilyarchives.com\/wp-content\/uploads\/sites\/4\/2020\/11\/Buch-altneu-2e.jpg?w=2048&amp;ssl=1 2048w, https:\/\/i0.wp.com\/www.twofamilyarchives.com\/wp-content\/uploads\/sites\/4\/2020\/11\/Buch-altneu-2e.jpg?w=1600&amp;ssl=1 1600w\" sizes=\"(max-width: 800px) 100vw, 800px\" \/><\/figure>\r\n<!-- \/wp:image -->\r\n<p>&nbsp;<\/p>\r\n<!-- wp:paragraph -->\r\n<p>Seither bin ich sehr oft gefragt worden, wie man noch zu einer Ausgabe kommen k\u00f6nne und ich habe immer an den Verlag verwiesen.<\/p>\r\n<!-- \/wp:paragraph -->\r\n<p>&nbsp;<\/p>\r\n<!-- wp:paragraph -->\r\n<p>2020 habe ich mich dann mit dem Verlag auf einen \u00fcberarbeiteten Neudruck geeinigt und ich habe das Buch \u00fcberarbeitet und erweitert. In die neue und ver\u00e4nderte Ausgabe habe ich vor allem auch Reaktionen von Leserinnen und Lesern auf die erste Ausgabe eingearbeitet sowie weiter Texte von mir aus meiner aktuellen Arbeit zu den Themen Konzentrationslager Gunskirchen und zur medizinischen Forschung im milit\u00e4rischen Kontext am Vorabend des ersten Weltkrieges, an der mein Urgro\u00dfvater Dr. Heinrich Reichel beteiligt gewesen ist. Auch gibt es einen neuen Text des in New York lebenden <a href=\"https:\/\/talgur.net\/bio\/\" target=\"_blank\" rel=\"noreferrer noopener\">israelischen Musikers und Psychotherapeuten Tal Gur,<\/a> der sich in seinem <a href=\"https:\/\/www.volkstheater.at\/stueck\/ministerium-fuer-erinnerung\/\" target=\"_blank\" rel=\"noreferrer noopener\">Projekt MindCrossing<\/a> gemeinsam mit der israelischen <a href=\"https:\/\/www.jasmin-avissar.net\/biography\" target=\"_blank\" rel=\"noreferrer noopener\">T\u00e4nzerin Jasmin Avissar <\/a>mit der trans-generationellen inneren Systemik seiner m\u00fctterlichen Familie auseinandersetzt, wo beide Gro\u00dfeltern \u00dcberlebende von Konzentrationslagern waren.<\/p>\r\n<!-- \/wp:paragraph -->\r\n<p>&nbsp;<\/p>\r\n<!-- wp:paragraph -->\r\n<p>Das Buch ist fertig und ich muss mich an dieser Stelle bei <a href=\"https:\/\/www.manuelradde.com\/\" target=\"_blank\" rel=\"noreferrer noopener\">Manuel Radde <\/a>bedanken, der diese \u00dcberarbeitung f\u00fcr mich gemacht hat. Das Gleiche gilt f\u00fcr <a href=\"http:\/\/www.schreibgut.at\/\" target=\"_blank\" rel=\"noreferrer noopener\">Verena Hauser,<\/a> die das Lektorat f\u00fcr die neu hinzugekommenen Texte gemacht hat.<\/p>\r\n<!-- \/wp:paragraph -->\r\n<p>&nbsp;<\/p>\r\n<!-- wp:paragraph -->\r\n<p>&nbsp;<\/p>\r\n<!-- \/wp:paragraph -->\r\n<p>&nbsp;<\/p>\r\n<!-- wp:separator --><hr class=\"wp-block-separator\" \/><!-- \/wp:separator -->\r\n<p>&nbsp;<\/p>\r\n<!-- wp:separator --><hr class=\"wp-block-separator\" \/><!-- \/wp:separator -->\r\n<p>&nbsp;<\/p>\r\n<!-- wp:paragraph -->\r\n<p><strong>Buch:<br \/>Sag Du es Deinem Kinde &#8211; Nationalsozialismus in der eigenen Familie<\/strong><br \/><a href=\"https:\/\/www.derschmidt.com\">Friedemann Derschmidt<\/a><br \/><a href=\"http:\/\/www.loecker-verlag.at\/sites\/dynamic.pl?sid=&amp;action=shop&amp;item=436&amp;group=28\">L\u00f6cker Verlag<\/a><br \/>17 x 23,5 cm | Broschur<br \/>344 Seiten | \u20ac 29,80<br \/>ISBN 978-3-99098-057-6<\/p>\r\n<!-- \/wp:paragraph -->\r\n<p>&nbsp;<\/p>\r\n<!-- wp:paragraph -->\r\n<p><a href=\"https:\/\/www.derschmidt.com\">Friedemann Derschmidt<\/a> besch\u00e4ftigt sich mit der Frage, wie die nationalsozialistische Ideologie bewusst oder unbewusst \u00fcber Generationen in den Familien weitergetragen wird und wie weit der \u201cGeist des Vergangenen\u201d nachwirkt. In ironischer Reaktion auf die \u201crassenhygienischen Vererbungstheorien\u201d seines Urgro\u00dfvaters, dem namhaften Eugeniker Univ. Prof. Dr. Heinrich Reichel (Graz, Wien), stellt Derschmidt die Frage nach einer \u201cIdeologischen Vererbungslehre\u201d. Der Autor versucht unter Einbeziehung aller mitbetroffenen lebenden Verwandten, M\u00f6glichkeiten zu finden und Methoden zu schaffen, mit den problematischen politischen Verstrickungen der eigenen Familie vor, im und nach dem Nationalsozialismus umzugehen.Mit Beitr\u00e4gen von Robert und Brigitte Brown, Bernhard, Eckhart und Wiltrud Derschmidt, Wolfgang Freidl, Mathilde Furtenbach, Ambros Gruber, Anton und Irmgard Jiresch, Tal Gur, Herbert W. Rabl, Margit Reiter, Klaus Sch\u00f6nberger, Agnes Suda, Luise Wascher und Simon Wascher und Dietmar Weixler.<\/p>\r\n<!-- \/wp:paragraph -->\r\n<p>&nbsp;<\/p>\r\n<!-- wp:paragraph -->\r\n<p>Mit Reaktionen auf die erste Auflage und mhreren neuen Texten \/ Kapiteln \u00a0<\/p>\r\n<!-- \/wp:paragraph -->\r\n<p>&nbsp;<\/p>\r\n<!-- wp:separator --><hr class=\"wp-block-separator\" \/><!-- \/wp:separator -->\r\n<p>&nbsp;<\/p>\r\n<!-- wp:paragraph -->\r\n<p>&nbsp;<\/p>\r\n<p><!-- wp:paragraph --><\/p>\r\n<h3><strong>Ausz\u00fcge aus den bisherigen Presseberichten (Links zum Nachh\u00f6ren, schauen und lesen)<\/strong>:<\/h3>\r\n<p>&nbsp;<\/p>\r\n<p><strong><a href=\"https:\/\/www.derschmidt.com\/de\/2023\/11\/13\/deutsch-radio-o1-menschenbilder-20231112\/\">Radio \u00d61 Menschenbilder: Friedemann Derschmidt\u00a0 12.11.2023;<\/a> Sabine Nikolay\u2028<\/strong><\/p>\r\n<p><strong><a href=\"https:\/\/www.derschmidt.com\/wp-admin\/post.php?post=2665&amp;action=edit\">ORF TV Dokumentarfilm: Meine Grosseltern, die Nazi;<\/a> A 2022; Uli J\u00fcrgens<\/strong><\/p>\r\n<p><strong><a href=\"https:\/\/www.derschmidt.com\/de\/2022\/05\/09\/gazeta_wyborzca2022\/\">Gazeta Wyborzca; 21 lutego 2022;<\/a> Katarzyna Brejwo\u2028<\/strong><\/p>\r\n<p><strong><a href=\"https:\/\/www.twofamilyarchives.com\/wp-content\/uploads\/sites\/4\/2019\/09\/Einsichten_Perspektiven-Bayrische_Landeszentrale-ocr.pdf\">Bayrische Zeitschrift f\u00fcr Politik und Geschichte 2\/2019<\/a> Monika Franz<\/strong><\/p>\r\n<p><strong><a href=\"https:\/\/www.twofamilyarchives.com\/wp-content\/uploads\/sites\/4\/2018\/07\/20180724_LaCroix.pdf\">\u2028LaCroix (F) Friedemann Derschmidt, les silences nazis en h\u00e9ritage; 25\/07\/2018;<\/a> Jean-Baptiste Fran\u00e7ois\u2028<\/strong><\/p>\r\n<p><strong><a href=\"https:\/\/www.derschmidt.com\/de\/2018\/07\/22\/deutsch-radio-o1-gedanken-22-7-2018-copy\/\">Radio \u00d61; Gedanken 22.7.2018;<\/a> Bernhard Eppensteiner<\/strong><\/p>\r\n<p><strong><a href=\"https:\/\/www.derschmidt.com\/de\/2017\/09\/26\/kulturjournal-2-12-7-tage-o1\/\">Radio\u00d61 Dimensionen: 26.9.2017 Postmemory;<\/a> Uli J\u00fcrgens \u2028<\/strong><\/p>\r\n<p><strong><a href=\"https:\/\/www.derschmidt.com\/de\/2016\/12\/02\/profil-2-12-2016\/\">Profil (2 Seiten); 2.12.2016 Geliebter Todfeind;<\/a> Wolfgang Paterno \u2028<\/strong><\/p>\r\n<p><strong><a href=\"https:\/\/www.derschmidt.com\/de\/2016\/12\/02\/kulturjournal-2-12-7\/\">Radio \u00d61 Kulturjournal, \u00a0Filminstallation \u201c4xSally\u201d 2.12.2016 im J\u00fcdischen Museum;<\/a> Anna Soucek\u2028<\/strong><\/p>\r\n<p><strong><a href=\"https:\/\/www.derschmidt.com\/de\/2016\/11\/10\/fm4-10-11-2015-beitrag-zu-sag-du-es-deinem-kinde\/\">Radio FM4; 10.11.2015 Beitrag zu SAG DU ES DEINEM KINDE;<\/a> Alexandra Augustin\u2028<\/strong><\/p>\r\n<p><strong><a href=\"https:\/\/www.derschmidt.com\/de\/2016\/10\/10\/der-standard-10-10-2016\/\">Der Standard; 10.10.2016 Das aktuelle Buch: ,,Ideologische Vererbungslehre&#8220;;<\/a> Thomas Neuhold\u2028<\/strong><\/p>\r\n<p><strong><a href=\"https:\/\/www.derschmidt.com\/de\/2016\/09\/03\/die-presse-3-9-2016\/\">Die Presse; 3.9.2016 Ausstieg aus dem System Familie;<\/a> Katharina Riese\u2028<\/strong><\/p>\r\n<p><strong><a href=\"https:\/\/www.twofamilyarchives.com\/de\/blog\/2016\/02\/profil-8-2-2016\/\">Profil; 8.2.2016 Kein Entkommen;<\/a> Wolfgang Paterno\u2028<\/strong><\/p>\r\n<p><strong><a href=\"https:\/\/www.derschmidt.com\/de\/2015\/03\/20\/heimat-fremde-heimat\/\">ORF2 TV 08.05.2016 \u201eK\u00fcnstler gegen rechts\u201c;<\/a> Dalibor Hysek\u2028<\/strong><\/p>\r\n<p><strong><a href=\"https:\/\/www.derschmidt.com\/de\/2015\/03\/29\/orf-orientierung\/\">ORF2 TV 29.03.2015 ,.Sag Du es Deinem Kinde!\u201d;<\/a> Christian Rathner\u2028<\/strong><\/p>\r\n<p><strong><a href=\"https:\/\/www.derschmidt.com\/de\/2014\/07\/23\/taz-on-23-juli-2014\/\">TAZ 23.07.2014 Wand voller Fliegen;<\/a> Susanne Knaul\u2028<\/strong><\/p>\r\n<p><strong><a href=\"https:\/\/www.twofamilyarchives.com\/de\/blog\/2014\/07\/coverstory-in-jerusalem-post-from-11-july-2014\/\">Jerusalem Post Coverstory 11.07.2014 A TALE OF TWO FAMILIES;<\/a> Barry Davis\u00a0<\/strong><\/p>\r\n<p>&nbsp;<\/p>\r\n<p>&nbsp;<\/p>\r\n<!-- wp:paragraph -->\r\n<p>&nbsp;<\/p>\r\n<!-- wp:paragraph -->\r\n<p><strong>Film:<\/strong><\/p>\r\n<!-- \/wp:paragraph -->\r\n<p>&nbsp;<\/p>\r\n<!-- wp:paragraph {\"fontSize\":\"small\"} -->\r\n<p class=\"has-small-font-size\"><em><strong>Das Phantom der Erinnerung<\/strong><\/em><br \/>Ein Film von <a href=\"https:\/\/www.derschmidt.com\">Friedemann Derschmidt<\/a> mit<a href=\"https:\/\/de.wikipedia.org\/wiki\/Ilana_Shmueli\" rel=\"nofollow\" target=\"_blank\"> Ilana Shmueli<\/a><br \/>A 2013 <a href=\"https:\/\/www.derschmidt.com\">Friedemann Derschmidt<\/a>; kurt mayer film<br \/>Diagonale Preitr\u00e4ger: Bester Kurzdokumentarfilm 2013<\/p>\r\n<!-- \/wp:paragraph -->\r\n<p>&nbsp;<\/p>\r\n<!-- wp:paragraph {\"fontSize\":\"small\"} -->\r\n<p class=\"has-small-font-size\"><br \/><em>&#8222;Wozu Erinnern? Was wollen wir damit? Wir sagen, wir wollen daraus lernen. Jetzt geschieht das aber nicht\u2026 und das wissen wir sogar. Seit Jahrhunderten geschieht das nicht\u2026<\/em>&#8222;<br \/>Aus dem Mund der Dichterin und Holocaust-\u00dcberlebenden<a href=\"https:\/\/de.wikipedia.org\/wiki\/Ilana_Shmueli\" target=\"_blank\" rel=\"noreferrer noopener\"> Ilana Shmueli<\/a>, der letzten Geliebten Paul Celans, klingen diese Worte besonders irritierend. Gerade in der Zeit, in der uns die letzten \u201eZeitzeugen\u201c der Shoah und des zweiten Weltkriegs f\u00fcr immer verlassen, stellt sie fest: <em>&#8222;Indem man einen ganzen Tag alte Damen erz\u00e4hlen l\u00e4sst, wie schwer sie es im KZ oder im Ghetto\u2026 gehabt haben \u2013 wie oft will man noch? Das klingt doch schon alles ausgeleiert und ich kann das nicht mehr ertragen.&#8220;<\/em><\/p>\r\n<!-- \/wp:paragraph -->\r\n<p>&nbsp;<\/p>\r\n<!-- wp:paragraph {\"fontSize\":\"small\"} -->\r\n<p class=\"has-small-font-size\">Gemeinsam mit <a href=\"https:\/\/www.derschmidt.com\">Friedemann Derschmidt<\/a> macht sie sich daran, mit Hilfe dieses Films andere Wege zu finden und die Frage nach dem Erinnern neu zu formulieren.<strong>kann man hier auch ansehen!<\/strong><br \/><a href=\"https:\/\/www.derschmidt.com\/de\/2013\/04\/24\/phantom-of-memory\/\" target=\"_blank\" rel=\"noreferrer noopener\"><strong>&#8212;&gt;&gt;&gt; Hier geht\u00b4s zum Film &lt;&lt;&lt;&#8212;<\/strong><\/a><\/p>\r\n<!-- \/wp:paragraph --><!-- \/wp:post-content --><!-- \/wp:paragraph --><!-- wp:post-content --><!-- wp:paragraph -->\r\n<p><span class=\"has-inline-color has-vivid-red-color\">Die \u00fcberarbeitete Neuauflage des Buches ist erschienen!<\/span><\/p>\r\n<!-- \/wp:paragraph -->\r\n<p>&nbsp;<\/p>\r\n<!-- wp:paragraph --><!-- \/wp:paragraph -->\r\n<p>&nbsp;<\/p>\r\n<!-- wp:paragraph -->\r\n<p>&#8222;Sag Du es Deinem Kinde &#8211; Nationalsozialismus in der eigenen Familie&#8220; ist im Oktober 2015 erschienen und war innerhalb eines <span class=\"has-inline-color has-vivid-red-color\">Jahres komplett ausverkauft<\/span> und f\u00fcr etwa dreieinhalb Jahren vergriffen. <span class=\"has-inline-color has-vivid-red-color\">Die Erstausgabe <\/span>hat viele Reaktionen ausgel\u00f6st und ist umfangreich in den Medien besprochen worden. Schaun Sie sich dazu die Links weiter unten an. Das Buch wurde 2015 als eines der <a href=\"http:\/\/schoenstebuecher.at\/buch\/sag-du-es-deinem-kinde\/\" target=\"_blank\" rel=\"noreferrer noopener\">15 sch\u00f6nsten B\u00fccher \u00d6sterreichs<\/a> ausgezeichnet (was der grossartigen <a href=\"https:\/\/manuelradde.com\/\" target=\"_blank\" rel=\"noreferrer noopener\">Gestaltung von Manuel Radde<\/a> zu verdanken ist). Der Jury war allerdings klar, dass diese Auszeichnung im Titel missverst\u00e4ndlich sein k\u00f6nnte und daher hiess es in der Begr\u00fcndung:<\/p>\r\n<!-- \/wp:paragraph -->\r\n<p>&nbsp;<\/p>\r\n<!-- wp:paragraph -->\r\n<p><em>&#8222;<span class=\"has-inline-color\">Nationalsozialisten waren in einer typischen \u00f6sterreichischen Familie nicht die \u201eAnderen\u201c, sondern in der Regel Teil davon. <a href=\"https:\/\/www.derschmidt.com\">Friedemann Derschmidt<\/a> geht am Beispiel seiner eigenen Familie der Frage nach, welche Vorzeichen an Weltanschauungen schon zu Beginn des 20. Jahrhunderts f\u00fcr die sp\u00e4tere Begeisterung am Nazi-Regime erkennbar waren und welche Aspekte davon sich bis in die Gegenwart nachverfolgen lassen. Dem Buch gelingt es durch eine \u00e4u\u00dferst konsequente, \u00fcbersichtliche und informative Gestaltung, formale Klischees von damals wie heute auf neue und ungewohnte Weise zu brechen und so Interesse f\u00fcr ein wichtiges Thema zu wecken, von dem man glauben k\u00f6nnte, man habe schon genug geh\u00f6rt. Das Klima der Zeit wird in der Kraft der Seitengestaltung sp\u00fcrbar. Das Buch will nicht \u201esch\u00f6n\u201c sein, aber es \u00f6ffnet einen Raum zwischen Vergangenheit und gegenw\u00e4rtiger Betrachtungsweise, der es erlaubt, sich auf das Thema intensiv einzulasse<\/span><span class=\"has-inline-color has-vivid-green-cyan-color\">n&#8220;<\/span><\/em><\/p>\r\n<p>&nbsp;<\/p>\r\n<p>Leseprobe <a href=\"https:\/\/wp.me\/pdXCWQ-N8\">1. Kapitel: Reichel komplex<\/a><\/p>\r\n<!-- \/wp:paragraph -->\r\n<p>&nbsp;<\/p>\r\n<!-- wp:image {\"id\":2522,\"sizeSlug\":\"large\"} -->\r\n<figure class=\"wp-block-image size-large\"><img data-recalc-dims=\"1\" fetchpriority=\"high\" decoding=\"async\" width=\"800\" height=\"800\" data-attachment-id=\"2522\" data-permalink=\"https:\/\/www.derschmidt.com\/de\/2020\/12\/27\/neuauflage-sag-du-es\/buch-altneu-2e\/\" data-orig-file=\"https:\/\/i0.wp.com\/www.twofamilyarchives.com\/wp-content\/uploads\/sites\/4\/2020\/11\/Buch-altneu-2e.jpg?fit=2048%2C2048&amp;ssl=1\" data-orig-size=\"2048,2048\" data-comments-opened=\"0\" data-image-meta=\"{&quot;aperture&quot;:&quot;0&quot;,&quot;credit&quot;:&quot;&quot;,&quot;camera&quot;:&quot;&quot;,&quot;caption&quot;:&quot;&quot;,&quot;created_timestamp&quot;:&quot;0&quot;,&quot;copyright&quot;:&quot;&quot;,&quot;focal_length&quot;:&quot;0&quot;,&quot;iso&quot;:&quot;0&quot;,&quot;shutter_speed&quot;:&quot;0&quot;,&quot;title&quot;:&quot;&quot;,&quot;orientation&quot;:&quot;1&quot;}\" data-image-title=\"Buch-altneu-2e\" data-image-description=\"\" data-image-caption=\"\" data-medium-file=\"https:\/\/i0.wp.com\/www.twofamilyarchives.com\/wp-content\/uploads\/sites\/4\/2020\/11\/Buch-altneu-2e.jpg?fit=300%2C300&amp;ssl=1\" data-large-file=\"https:\/\/i0.wp.com\/www.twofamilyarchives.com\/wp-content\/uploads\/sites\/4\/2020\/11\/Buch-altneu-2e.jpg?fit=800%2C800&amp;ssl=1\" class=\"wp-image-2522\" src=\"https:\/\/i0.wp.com\/www.twofamilyarchives.com\/wp-content\/uploads\/sites\/4\/2020\/11\/Buch-altneu-2e.jpg?resize=800%2C800&#038;ssl=1\" alt=\"\" srcset=\"https:\/\/i0.wp.com\/www.twofamilyarchives.com\/wp-content\/uploads\/sites\/4\/2020\/11\/Buch-altneu-2e.jpg?resize=1024%2C1024&amp;ssl=1 1024w, https:\/\/i0.wp.com\/www.twofamilyarchives.com\/wp-content\/uploads\/sites\/4\/2020\/11\/Buch-altneu-2e.jpg?resize=300%2C300&amp;ssl=1 300w, https:\/\/i0.wp.com\/www.twofamilyarchives.com\/wp-content\/uploads\/sites\/4\/2020\/11\/Buch-altneu-2e.jpg?resize=150%2C150&amp;ssl=1 150w, https:\/\/i0.wp.com\/www.twofamilyarchives.com\/wp-content\/uploads\/sites\/4\/2020\/11\/Buch-altneu-2e.jpg?resize=768%2C768&amp;ssl=1 768w, https:\/\/i0.wp.com\/www.twofamilyarchives.com\/wp-content\/uploads\/sites\/4\/2020\/11\/Buch-altneu-2e.jpg?resize=1536%2C1536&amp;ssl=1 1536w, https:\/\/i0.wp.com\/www.twofamilyarchives.com\/wp-content\/uploads\/sites\/4\/2020\/11\/Buch-altneu-2e.jpg?w=2048&amp;ssl=1 2048w, https:\/\/i0.wp.com\/www.twofamilyarchives.com\/wp-content\/uploads\/sites\/4\/2020\/11\/Buch-altneu-2e.jpg?w=1600&amp;ssl=1 1600w\" sizes=\"(max-width: 800px) 100vw, 800px\" \/><\/figure>\r\n<!-- \/wp:image -->\r\n<p>&nbsp;<\/p>\r\n<!-- wp:paragraph -->\r\n<p>Seither bin ich sehr oft gefragt worden, wie man noch zu einer Ausgabe kommen k\u00f6nne und ich habe immer an den Verlag verwiesen.<\/p>\r\n<!-- \/wp:paragraph -->\r\n<p>&nbsp;<\/p>\r\n<!-- wp:paragraph -->\r\n<p>2020 habe ich mich dann mit dem Verlag auf einen \u00fcberarbeiteten Neudruck geeinigt und ich habe das Buch \u00fcberarbeitet und erweitert. In die neue und ver\u00e4nderte Ausgabe habe ich vor allem auch Reaktionen von Leserinnen und Lesern auf die erste Ausgabe eingearbeitet sowie weiter Texte von mir aus meiner aktuellen Arbeit zu den Themen Konzentrationslager Gunskirchen und zur medizinischen Forschung im milit\u00e4rischen Kontext am Vorabend des ersten Weltkrieges, an der mein Urgro\u00dfvater Dr. Heinrich Reichel beteiligt gewesen ist. Auch gibt es einen neuen Text des in New York lebenden <a href=\"https:\/\/talgur.net\/bio\/\" target=\"_blank\" rel=\"noreferrer noopener\">israelischen Musikers und Psychotherapeuten Tal Gur,<\/a> der sich in seinem <a href=\"https:\/\/www.volkstheater.at\/stueck\/ministerium-fuer-erinnerung\/\" target=\"_blank\" rel=\"noreferrer noopener\">Projekt MindCrossing<\/a> gemeinsam mit der israelischen <a href=\"https:\/\/www.jasmin-avissar.net\/biography\" target=\"_blank\" rel=\"noreferrer noopener\">T\u00e4nzerin Jasmin Avissar <\/a>mit der trans-generationellen inneren Systemik seiner m\u00fctterlichen Familie auseinandersetzt, wo beide Gro\u00dfeltern \u00dcberlebende von Konzentrationslagern waren.<\/p>\r\n<!-- \/wp:paragraph -->\r\n<p>&nbsp;<\/p>\r\n<!-- wp:paragraph -->\r\n<p>Das Buch ist fertig und ich muss mich an dieser Stelle bei <a href=\"https:\/\/www.manuelradde.com\/\" target=\"_blank\" rel=\"noreferrer noopener\">Manuel Radde <\/a>bedanken, der diese \u00dcberarbeitung f\u00fcr mich gemacht hat. Das Gleiche gilt f\u00fcr <a href=\"http:\/\/www.schreibgut.at\/\" target=\"_blank\" rel=\"noreferrer noopener\">Verena Hauser,<\/a> die das Lektorat f\u00fcr die neu hinzugekommenen Texte gemacht hat.<\/p>\r\n<!-- \/wp:paragraph -->\r\n<p>&nbsp;<\/p>\r\n<!-- wp:paragraph -->\r\n<p>&nbsp;<\/p>\r\n<!-- \/wp:paragraph -->\r\n<p>&nbsp;<\/p>\r\n<!-- wp:separator --><hr class=\"wp-block-separator\" \/><!-- \/wp:separator -->\r\n<p>&nbsp;<\/p>\r\n<!-- wp:separator --><hr class=\"wp-block-separator\" \/><!-- \/wp:separator -->\r\n<p>&nbsp;<\/p>\r\n<!-- wp:paragraph -->\r\n<p><strong>Buch:<br \/>Sag Du es Deinem Kinde &#8211; Nationalsozialismus in der eigenen Familie<\/strong><br \/><a href=\"https:\/\/www.derschmidt.com\">Friedemann Derschmidt<\/a><br \/><a href=\"http:\/\/www.loecker-verlag.at\/sites\/dynamic.pl?sid=&amp;action=shop&amp;item=436&amp;group=28\">L\u00f6cker Verlag<\/a><br \/>17 x 23,5 cm | Broschur<br \/>344 Seiten | \u20ac 29,80<br \/>ISBN 978-3-99098-057-6<\/p>\r\n<!-- \/wp:paragraph -->\r\n<p>&nbsp;<\/p>\r\n<!-- wp:paragraph -->\r\n<p><a href=\"https:\/\/www.derschmidt.com\">Friedemann Derschmidt<\/a> besch\u00e4ftigt sich mit der Frage, wie die nationalsozialistische Ideologie bewusst oder unbewusst \u00fcber Generationen in den Familien weitergetragen wird und wie weit der \u201cGeist des Vergangenen\u201d nachwirkt. In ironischer Reaktion auf die \u201crassenhygienischen Vererbungstheorien\u201d seines Urgro\u00dfvaters, dem namhaften Eugeniker Univ. Prof. Dr. Heinrich Reichel (Graz, Wien), stellt Derschmidt die Frage nach einer \u201cIdeologischen Vererbungslehre\u201d. Der Autor versucht unter Einbeziehung aller mitbetroffenen lebenden Verwandten, M\u00f6glichkeiten zu finden und Methoden zu schaffen, mit den problematischen politischen Verstrickungen der eigenen Familie vor, im und nach dem Nationalsozialismus umzugehen.Mit Beitr\u00e4gen von Robert und Brigitte Brown, Bernhard, Eckhart und Wiltrud Derschmidt, Wolfgang Freidl, Mathilde Furtenbach, Ambros Gruber, Anton und Irmgard Jiresch, Tal Gur, Herbert W. Rabl, Margit Reiter, Klaus Sch\u00f6nberger, Agnes Suda, Luise Wascher und Simon Wascher und Dietmar Weixler.<\/p>\r\n<!-- \/wp:paragraph -->\r\n<p>&nbsp;<\/p>\r\n<!-- wp:paragraph -->\r\n<p>Mit Reaktionen auf die erste Auflage und mhreren neuen Texten \/ Kapiteln \u00a0<\/p>\r\n<!-- \/wp:paragraph -->\r\n<p>&nbsp;<\/p>\r\n<!-- wp:separator --><hr class=\"wp-block-separator\" \/><!-- \/wp:separator -->\r\n<p>&nbsp;<\/p>\r\n<!-- wp:paragraph -->\r\n<p>&nbsp;<\/p>\r\n<p><!-- wp:paragraph --><\/p>\r\n<h3><strong>Ausz\u00fcge aus den bisherigen Presseberichten (Links zum Nachh\u00f6ren, schauen und lesen)<\/strong>:<\/h3>\r\n<p>&nbsp;<\/p>\r\n<p><strong><a href=\"https:\/\/www.derschmidt.com\/de\/2023\/11\/13\/deutsch-radio-o1-menschenbilder-20231112\/\">Radio \u00d61 Menschenbilder: Friedemann Derschmidt\u00a0 12.11.2023;<\/a> Sabine Nikolay\u2028<\/strong><\/p>\r\n<p><strong><a href=\"https:\/\/www.derschmidt.com\/wp-admin\/post.php?post=2665&amp;action=edit\">ORF TV Dokumentarfilm: Meine Grosseltern, die Nazi;<\/a> A 2022; Uli J\u00fcrgens<\/strong><\/p>\r\n<p><strong><a href=\"https:\/\/www.derschmidt.com\/de\/2022\/05\/09\/gazeta_wyborzca2022\/\">Gazeta Wyborzca; 21 lutego 2022;<\/a> Katarzyna Brejwo\u2028<\/strong><\/p>\r\n<p><strong><a href=\"https:\/\/www.twofamilyarchives.com\/wp-content\/uploads\/sites\/4\/2019\/09\/Einsichten_Perspektiven-Bayrische_Landeszentrale-ocr.pdf\">Bayrische Zeitschrift f\u00fcr Politik und Geschichte 2\/2019<\/a> Monika Franz<\/strong><\/p>\r\n<p><strong><a href=\"https:\/\/www.twofamilyarchives.com\/wp-content\/uploads\/sites\/4\/2018\/07\/20180724_LaCroix.pdf\">\u2028LaCroix (F) Friedemann Derschmidt, les silences nazis en h\u00e9ritage; 25\/07\/2018;<\/a> Jean-Baptiste Fran\u00e7ois\u2028<\/strong><\/p>\r\n<p><strong><a href=\"https:\/\/www.derschmidt.com\/de\/2018\/07\/22\/deutsch-radio-o1-gedanken-22-7-2018-copy\/\">Radio \u00d61; Gedanken 22.7.2018;<\/a> Bernhard Eppensteiner<\/strong><\/p>\r\n<p><strong><a href=\"https:\/\/www.derschmidt.com\/de\/2017\/09\/26\/kulturjournal-2-12-7-tage-o1\/\">Radio\u00d61 Dimensionen: 26.9.2017 Postmemory;<\/a> Uli J\u00fcrgens \u2028<\/strong><\/p>\r\n<p><strong><a href=\"https:\/\/www.derschmidt.com\/de\/2016\/12\/02\/profil-2-12-2016\/\">Profil (2 Seiten); 2.12.2016 Geliebter Todfeind;<\/a> Wolfgang Paterno \u2028<\/strong><\/p>\r\n<p><strong><a href=\"https:\/\/www.derschmidt.com\/de\/2016\/12\/02\/kulturjournal-2-12-7\/\">Radio \u00d61 Kulturjournal, \u00a0Filminstallation \u201c4xSally\u201d 2.12.2016 im J\u00fcdischen Museum;<\/a> Anna Soucek\u2028<\/strong><\/p>\r\n<p><strong><a href=\"https:\/\/www.derschmidt.com\/de\/2016\/11\/10\/fm4-10-11-2015-beitrag-zu-sag-du-es-deinem-kinde\/\">Radio FM4; 10.11.2015 Beitrag zu SAG DU ES DEINEM KINDE;<\/a> Alexandra Augustin\u2028<\/strong><\/p>\r\n<p><strong><a href=\"https:\/\/www.derschmidt.com\/de\/2016\/10\/10\/der-standard-10-10-2016\/\">Der Standard; 10.10.2016 Das aktuelle Buch: ,,Ideologische Vererbungslehre&#8220;;<\/a> Thomas Neuhold\u2028<\/strong><\/p>\r\n<p><strong><a href=\"https:\/\/www.derschmidt.com\/de\/2016\/09\/03\/die-presse-3-9-2016\/\">Die Presse; 3.9.2016 Ausstieg aus dem System Familie;<\/a> Katharina Riese\u2028<\/strong><\/p>\r\n<p><strong><a href=\"https:\/\/www.twofamilyarchives.com\/de\/blog\/2016\/02\/profil-8-2-2016\/\">Profil; 8.2.2016 Kein Entkommen;<\/a> Wolfgang Paterno\u2028<\/strong><\/p>\r\n<p><strong><a href=\"https:\/\/www.derschmidt.com\/de\/2015\/03\/20\/heimat-fremde-heimat\/\">ORF2 TV 08.05.2016 \u201eK\u00fcnstler gegen rechts\u201c;<\/a> Dalibor Hysek\u2028<\/strong><\/p>\r\n<p><strong><a href=\"https:\/\/www.derschmidt.com\/de\/2015\/03\/29\/orf-orientierung\/\">ORF2 TV 29.03.2015 ,.Sag Du es Deinem Kinde!\u201d;<\/a> Christian Rathner\u2028<\/strong><\/p>\r\n<p><strong><a href=\"https:\/\/www.derschmidt.com\/de\/2014\/07\/23\/taz-on-23-juli-2014\/\">TAZ 23.07.2014 Wand voller Fliegen;<\/a> Susanne Knaul\u2028<\/strong><\/p>\r\n<p><strong><a href=\"https:\/\/www.twofamilyarchives.com\/de\/blog\/2014\/07\/coverstory-in-jerusalem-post-from-11-july-2014\/\">Jerusalem Post Coverstory 11.07.2014 A TALE OF TWO FAMILIES;<\/a> Barry Davis\u00a0<\/strong><\/p>\r\n<p>&nbsp;<\/p>\r\n<p>&nbsp;<\/p>\r\n<!-- wp:paragraph -->\r\n<p>&nbsp;<\/p>\r\n<!-- wp:paragraph -->\r\n<p><strong>Film:<\/strong><\/p>\r\n<!-- \/wp:paragraph -->\r\n<p>&nbsp;<\/p>\r\n<!-- wp:paragraph {\"fontSize\":\"small\"} -->\r\n<p class=\"has-small-font-size\"><em><strong>Das Phantom der Erinnerung<\/strong><\/em><br \/>Ein Film von <a href=\"https:\/\/www.derschmidt.com\">Friedemann Derschmidt<\/a> mit<a href=\"https:\/\/de.wikipedia.org\/wiki\/Ilana_Shmueli\" rel=\"nofollow\" target=\"_blank\"> Ilana Shmueli<\/a><br \/>A 2013 <a href=\"https:\/\/www.derschmidt.com\">Friedemann Derschmidt<\/a>; kurt mayer film<br \/>Diagonale Preitr\u00e4ger: Bester Kurzdokumentarfilm 2013<\/p>\r\n<!-- \/wp:paragraph -->\r\n<p>&nbsp;<\/p>\r\n<!-- wp:paragraph {\"fontSize\":\"small\"} -->\r\n<p class=\"has-small-font-size\"><br \/><em>&#8222;Wozu Erinnern? Was wollen wir damit? Wir sagen, wir wollen daraus lernen. Jetzt geschieht das aber nicht\u2026 und das wissen wir sogar. Seit Jahrhunderten geschieht das nicht\u2026<\/em>&#8222;<br \/>Aus dem Mund der Dichterin und Holocaust-\u00dcberlebenden<a href=\"https:\/\/de.wikipedia.org\/wiki\/Ilana_Shmueli\" target=\"_blank\" rel=\"noreferrer noopener\"> Ilana Shmueli<\/a>, der letzten Geliebten Paul Celans, klingen diese Worte besonders irritierend. Gerade in der Zeit, in der uns die letzten \u201eZeitzeugen\u201c der Shoah und des zweiten Weltkriegs f\u00fcr immer verlassen, stellt sie fest: <em>&#8222;Indem man einen ganzen Tag alte Damen erz\u00e4hlen l\u00e4sst, wie schwer sie es im KZ oder im Ghetto\u2026 gehabt haben \u2013 wie oft will man noch? Das klingt doch schon alles ausgeleiert und ich kann das nicht mehr ertragen.&#8220;<\/em><\/p>\r\n<!-- \/wp:paragraph -->\r\n<p>&nbsp;<\/p>\r\n<!-- wp:paragraph {\"fontSize\":\"small\"} -->\r\n<p class=\"has-small-font-size\">Gemeinsam mit <a href=\"https:\/\/www.derschmidt.com\">Friedemann Derschmidt<\/a> macht sie sich daran, mit Hilfe dieses Films andere Wege zu finden und die Frage nach dem Erinnern neu zu formulieren.<strong>kann man hier auch ansehen!<\/strong><br \/><a href=\"https:\/\/www.derschmidt.com\/de\/2013\/04\/24\/phantom-of-memory\/\" target=\"_blank\" rel=\"noreferrer noopener\"><strong>&#8212;&gt;&gt;&gt; Hier geht\u00b4s zum Film &lt;&lt;&lt;&#8212;<\/strong><\/a><\/p>\r\n<!-- \/wp:paragraph --><!-- \/wp:post-content -->","protected":false},"excerpt":{"rendered":"<p>Leider ist der Eintrag nur auf English verf\u00fcgbar.<\/p>\n","protected":false},"author":1,"featured_media":2623,"comment_status":"closed","ping_status":"closed","sticky":false,"template":"","format":"standard","meta":{"jetpack_post_was_ever_published":false,"_jetpack_newsletter_access":"","_jetpack_dont_email_post_to_subs":false,"_jetpack_newsletter_tier_id":0,"_jetpack_memberships_contains_paywalled_content":false,"_jetpack_memberships_contains_paid_content":false,"footnotes":"","jetpack_publicize_message":"","jetpack_publicize_feature_enabled":true,"jetpack_social_post_already_shared":false,"jetpack_social_options":{"image_generator_settings":{"template":"highway","enabled":false},"version":2}},"categories":[12,7,26],"tags":[],"class_list":["post-2086","post","type-post","status-publish","format-standard","has-post-thumbnail","hentry","category-latest","category-publication","category-sag-du-es-deinem-kinde"],"jetpack_publicize_connections":[],"jetpack_featured_media_url":"https:\/\/i0.wp.com\/www.twofamilyarchives.com\/wp-content\/uploads\/sites\/4\/2020\/12\/Buch-altfrei-1e-breit-scaled.jpg?fit=2560%2C1541&ssl=1","jetpack_sharing_enabled":true,"jetpack_shortlink":"https:\/\/wp.me\/pdXCWQ-xE","jetpack_likes_enabled":true,"jetpack-related-posts":[],"_links":{"self":[{"href":"https:\/\/www.derschmidt.com\/de\/wp-json\/wp\/v2\/posts\/2086","targetHints":{"allow":["GET"]}}],"collection":[{"href":"https:\/\/www.derschmidt.com\/de\/wp-json\/wp\/v2\/posts"}],"about":[{"href":"https:\/\/www.derschmidt.com\/de\/wp-json\/wp\/v2\/types\/post"}],"author":[{"embeddable":true,"href":"https:\/\/www.derschmidt.com\/de\/wp-json\/wp\/v2\/users\/1"}],"replies":[{"embeddable":true,"href":"https:\/\/www.derschmidt.com\/de\/wp-json\/wp\/v2\/comments?post=2086"}],"version-history":[{"count":28,"href":"https:\/\/www.derschmidt.com\/de\/wp-json\/wp\/v2\/posts\/2086\/revisions"}],"predecessor-version":[{"id":3056,"href":"https:\/\/www.derschmidt.com\/de\/wp-json\/wp\/v2\/posts\/2086\/revisions\/3056"}],"wp:featuredmedia":[{"embeddable":true,"href":"https:\/\/www.derschmidt.com\/de\/wp-json\/wp\/v2\/media\/2623"}],"wp:attachment":[{"href":"https:\/\/www.derschmidt.com\/de\/wp-json\/wp\/v2\/media?parent=2086"}],"wp:term":[{"taxonomy":"category","embeddable":true,"href":"https:\/\/www.derschmidt.com\/de\/wp-json\/wp\/v2\/categories?post=2086"},{"taxonomy":"post_tag","embeddable":true,"href":"https:\/\/www.derschmidt.com\/de\/wp-json\/wp\/v2\/tags?post=2086"}],"curies":[{"name":"wp","href":"https:\/\/api.w.org\/{rel}","templated":true}]}}