{"id":2495,"date":"2020-10-03T13:47:26","date_gmt":"2020-10-03T11:47:26","guid":{"rendered":"https:\/\/www.derschmidt.com\/?p=2495"},"modified":"2025-10-27T10:03:18","modified_gmt":"2025-10-27T09:03:18","slug":"synoptic-portrait-yehuda-bacon","status":"publish","type":"post","link":"https:\/\/www.derschmidt.com\/de\/2020\/10\/03\/synoptic-portrait-yehuda-bacon\/","title":{"rendered":"Das synoptische Portrait Yehuda Bacon"},"content":{"rendered":"<p><\/p>\r\n\r\n\r\n\r\n<p>Begleitende Beschreibungen zur aktuellen Video Installation in der Ausstellung &#8222;Spuren und Masken der Flucht&#8220; in der Nieder\u00f6sterreichischen Landesgalerie in Krems an der Donau.<\/p>\r\n\r\n\r\n\r\n<h4 class=\"wp-block-heading\">Das zentrale Video<\/h4>\r\n\r\n\r\n\r\n<p>zeigt eine Skizze, in welcher exemplarisch die simultane \u00dcberlagerung der &#8222;verschiedenen Yehuda Bacons&#8220; visualisiert wird. <\/p>\r\n\r\n\r\n\r\n<figure class=\"wp-block-embed-vimeo wp-block-embed is-type-video is-provider-vimeo wp-embed-aspect-16-9 wp-has-aspect-ratio\"><div class=\"wp-block-embed__wrapper\">\r\n<div class=\"jetpack-video-wrapper\"><div class=\"fitvids-video\"><iframe src=\"https:\/\/player.vimeo.com\/video\/345910094?dnt=1&amp;app_id=122963\" width=\"800\" height=\"450\" frameborder=\"0\" allow=\"autoplay; fullscreen; picture-in-picture; clipboard-write; encrypted-media; web-share\" referrerpolicy=\"strict-origin-when-cross-origin\"><\/iframe><\/div><\/div>\r\n<\/div><\/figure>\r\n\r\n\r\n\r\n<p><\/p>\r\n\r\n\r\n\r\n<p>Technisch gesehen sprach Yehuda Bacon mit 3 Frauen und 3 M\u00e4nnern in 3 verschiedenen Sprachen. Die Gespr\u00e4che wurden jeweils in deutscher, tschechischer sowie hebr\u00e4ischer Sprache mit ihm gef\u00fchrt, wobei er in jeder Sprache einmal mit einer Frau und einmal mit einem Mann gesprochen hat. S\u00e4mtliche Gespr\u00e4che wurden im Geb\u00e4ude der <a href=\"https:\/\/www.vanleer.org.il\/en\/polonsky-academy\/\">Polonsky Academy for Advanced Study in the Humanities and Social Sciences<\/a> im <a href=\"http:\/\/www.vanleer.org.il\/en\/event\/4-x-sally-%E2%80%93-discussion\" rel=\"nofollow\" target=\"_blank\">Van Leer<\/a> Institute Jerusalem gef\u00fchrt.<\/p>\r\n\r\n\r\n\r\n<p>Hier finden Sie alle Videos in voller L\u00e4nge. <\/p>\r\n\r\n\r\n\r\n<figure class=\"wp-block-embed-vimeo wp-block-embed is-type-video is-provider-vimeo wp-embed-aspect-16-9 wp-has-aspect-ratio\"><div class=\"wp-block-embed__wrapper\">\r\n<div class=\"jetpack-video-wrapper\"><div class=\"fitvids-video\"><iframe title=\"20190515_Yochi-Yehuda_uhd_final\" src=\"https:\/\/player.vimeo.com\/video\/457167888?dnt=1&amp;app_id=122963\" width=\"800\" height=\"450\" frameborder=\"0\" allow=\"autoplay; fullscreen; picture-in-picture; clipboard-write; encrypted-media; web-share\" referrerpolicy=\"strict-origin-when-cross-origin\"><\/iframe><\/div><\/div>\r\n<\/div><figcaption>Das Gespr\u00e4ch vom 15. Mai. 2019 mit Yochi Fischer in hebr\u00e4ischer Sprache. L\u00e4nge: 1:04:53<\/figcaption><\/figure>\r\n\r\n\r\n\r\n<figure class=\"wp-block-embed-vimeo wp-block-embed is-type-video is-provider-vimeo wp-embed-aspect-16-9 wp-has-aspect-ratio\"><div class=\"wp-block-embed__wrapper\">\r\n<div class=\"jetpack-video-wrapper\"><div class=\"fitvids-video\"><iframe title=\"20190515_Anna-Yehuda_uhd_final\" src=\"https:\/\/player.vimeo.com\/video\/459512433?dnt=1&amp;app_id=122963\" width=\"800\" height=\"450\" frameborder=\"0\" allow=\"autoplay; fullscreen; picture-in-picture; clipboard-write; encrypted-media; web-share\" referrerpolicy=\"strict-origin-when-cross-origin\"><\/iframe><\/div><\/div>\r\n<\/div><figcaption>Das Gespr\u00e4ch vom 15. Mai. 2019 mit Anna Derschmidt in deutscher Sprache. L\u00e4nge: 1:36:03 <\/figcaption><\/figure>\r\n\r\n\r\n\r\n<figure class=\"wp-block-embed-vimeo wp-block-embed is-type-video is-provider-vimeo wp-embed-aspect-16-9 wp-has-aspect-ratio\"><div class=\"wp-block-embed__wrapper\">\r\n<div class=\"jetpack-video-wrapper\"><div class=\"fitvids-video\"><iframe title=\"20190520_Abbe-Yehuda_uhd_final\" src=\"https:\/\/player.vimeo.com\/video\/455169125?dnt=1&amp;app_id=122963\" width=\"800\" height=\"450\" frameborder=\"0\" allow=\"autoplay; fullscreen; picture-in-picture; clipboard-write; encrypted-media; web-share\" referrerpolicy=\"strict-origin-when-cross-origin\"><\/iframe><\/div><\/div>\r\n<\/div><figcaption>Das Gespr\u00e4ch vom 17. Mai. 2019 mit Abb\u00e9 Libansky in tschechischer Sprache. L\u00e4nge: 1:01:08<\/figcaption><\/figure>\r\n\r\n\r\n\r\n<figure class=\"wp-block-embed-vimeo wp-block-embed is-type-video is-provider-vimeo wp-embed-aspect-16-9 wp-has-aspect-ratio\"><div class=\"wp-block-embed__wrapper\">\r\n<div class=\"jetpack-video-wrapper\"><div class=\"fitvids-video\"><iframe title=\"20190519_Natasha-Yehuda_uhd_final\" src=\"https:\/\/player.vimeo.com\/video\/463855593?dnt=1&amp;app_id=122963\" width=\"800\" height=\"450\" frameborder=\"0\" allow=\"autoplay; fullscreen; picture-in-picture; clipboard-write; encrypted-media; web-share\" referrerpolicy=\"strict-origin-when-cross-origin\"><\/iframe><\/div><\/div>\r\n<\/div><figcaption>Das Gespr\u00e4ch vom 19. Mai. 2019 mit Natasha Dudinski in tschechischer Sprache. <br>L\u00e4nge: 1:13:11<\/figcaption><\/figure>\r\n\r\n\r\n\r\n<figure class=\"wp-block-embed-vimeo wp-block-embed is-type-video is-provider-vimeo wp-embed-aspect-16-9 wp-has-aspect-ratio\"><div class=\"wp-block-embed__wrapper\">\r\n<div class=\"jetpack-video-wrapper\"><div class=\"fitvids-video\"><iframe title=\"20190520_Thomas-Yehuda_uhd_final\" src=\"https:\/\/player.vimeo.com\/video\/466156426?dnt=1&amp;app_id=122963\" width=\"800\" height=\"450\" frameborder=\"0\" allow=\"autoplay; fullscreen; picture-in-picture; clipboard-write; encrypted-media; web-share\" referrerpolicy=\"strict-origin-when-cross-origin\"><\/iframe><\/div><\/div>\r\n<\/div><figcaption>Das Gespr\u00e4ch vom 20. Mai. 2019 mit Thomas Freiler in deutscher Sprache<br>L\u00e4nge: 1:19:13<\/figcaption><\/figure>\r\n\r\n\r\n\r\n<figure class=\"wp-block-embed-vimeo wp-block-embed is-type-video is-provider-vimeo wp-embed-aspect-16-9 wp-has-aspect-ratio\"><div class=\"wp-block-embed__wrapper\">\r\n<div class=\"jetpack-video-wrapper\"><div class=\"fitvids-video\"><iframe title=\"20190520_Haim-Yehuda_uhd_final\" src=\"https:\/\/player.vimeo.com\/video\/461730705?dnt=1&amp;app_id=122963\" width=\"800\" height=\"450\" frameborder=\"0\" allow=\"autoplay; fullscreen; picture-in-picture; clipboard-write; encrypted-media; web-share\" referrerpolicy=\"strict-origin-when-cross-origin\"><\/iframe><\/div><\/div>\r\n<\/div><figcaption>Das Gespr\u00e4ch vom 20. Mai. 2019 mit Haim Ben Shitrit in hebr\u00e4ischer Sprache. L\u00e4nge: 1:22:24<\/figcaption><\/figure>\r\n\r\n\r\n\r\n<p><\/p>","protected":false},"excerpt":{"rendered":"<p>Begleitende Beschreibungen zur aktuellen Video Installation in der Ausstellung &#8222;Spuren und Masken der Flucht&#8220; in der Nieder\u00f6sterreichischen Landesgalerie in Krems<\/p>\n","protected":false},"author":1,"featured_media":2481,"comment_status":"closed","ping_status":"closed","sticky":false,"template":"","format":"standard","meta":{"jetpack_post_was_ever_published":false,"_jetpack_newsletter_access":"","_jetpack_dont_email_post_to_subs":false,"_jetpack_newsletter_tier_id":0,"_jetpack_memberships_contains_paywalled_content":false,"_jetpack_memberships_contains_paid_content":false,"footnotes":"","jetpack_publicize_message":"","jetpack_publicize_feature_enabled":true,"jetpack_social_post_already_shared":false,"jetpack_social_options":{"image_generator_settings":{"template":"highway","enabled":false},"version":2}},"categories":[288,14,11,297,70,42,20],"tags":[],"class_list":["post-2495","post","type-post","status-publish","format-standard","has-post-thumbnail","hentry","category-6xyehuda_bacon","category-artwork","category-exhibitions","category-group","category-research-projects","category-synoptic-portrait","category-videos"],"jetpack_publicize_connections":[],"jetpack_featured_media_url":"https:\/\/i0.wp.com\/www.twofamilyarchives.com\/wp-content\/uploads\/sites\/4\/2020\/09\/IMG_8242.png?fit=3024%2C3024&ssl=1","jetpack_sharing_enabled":true,"jetpack_shortlink":"https:\/\/wp.me\/pdXCWQ-Ef","jetpack_likes_enabled":true,"jetpack-related-posts":[],"_links":{"self":[{"href":"https:\/\/www.derschmidt.com\/de\/wp-json\/wp\/v2\/posts\/2495","targetHints":{"allow":["GET"]}}],"collection":[{"href":"https:\/\/www.derschmidt.com\/de\/wp-json\/wp\/v2\/posts"}],"about":[{"href":"https:\/\/www.derschmidt.com\/de\/wp-json\/wp\/v2\/types\/post"}],"author":[{"embeddable":true,"href":"https:\/\/www.derschmidt.com\/de\/wp-json\/wp\/v2\/users\/1"}],"replies":[{"embeddable":true,"href":"https:\/\/www.derschmidt.com\/de\/wp-json\/wp\/v2\/comments?post=2495"}],"version-history":[{"count":24,"href":"https:\/\/www.derschmidt.com\/de\/wp-json\/wp\/v2\/posts\/2495\/revisions"}],"predecessor-version":[{"id":3102,"href":"https:\/\/www.derschmidt.com\/de\/wp-json\/wp\/v2\/posts\/2495\/revisions\/3102"}],"wp:featuredmedia":[{"embeddable":true,"href":"https:\/\/www.derschmidt.com\/de\/wp-json\/wp\/v2\/media\/2481"}],"wp:attachment":[{"href":"https:\/\/www.derschmidt.com\/de\/wp-json\/wp\/v2\/media?parent=2495"}],"wp:term":[{"taxonomy":"category","embeddable":true,"href":"https:\/\/www.derschmidt.com\/de\/wp-json\/wp\/v2\/categories?post=2495"},{"taxonomy":"post_tag","embeddable":true,"href":"https:\/\/www.derschmidt.com\/de\/wp-json\/wp\/v2\/tags?post=2495"}],"curies":[{"name":"wp","href":"https:\/\/api.w.org\/{rel}","templated":true}]}}