{"id":379,"date":"2017-09-14T10:01:06","date_gmt":"2017-09-14T10:01:06","guid":{"rendered":"http:\/\/www.twofamilyarchives.com\/derschmidt\/?p=379"},"modified":"2024-09-15T16:53:00","modified_gmt":"2024-09-15T14:53:00","slug":"permanent-breakfast","status":"publish","type":"post","link":"https:\/\/www.derschmidt.com\/de\/2017\/09\/14\/permanent-breakfast\/","title":{"rendered":"permanent breakfast Kunsthalle Wien"},"content":{"rendered":"<p>photo: Alexander Danner<br \/>\n<strong>Entstehung und Idee <\/strong><\/p>\n<p><strong>\u00a0<\/strong><\/p>\n<p>Am Morgen des 1. Mai 1996 begann eine K\u00fcnstlergruppe um <a href=\"https:\/\/www.derschmidt.com\">Friedemann Derschmidt<\/a>, \u00f6ffentliche R\u00e4ume zu befr\u00fchst\u00fccken und h\u00f6rte nicht mehr auf damit. Die Grundidee: Eine Person l\u00e4dt zum Fr\u00fchst\u00fcck. Die geladenen Personen (in der Regel vier an der Zahl) verpflichten sich, am n\u00e4chsten Tag (oder zum n\u00e4chsten ihnen m\u00f6glichen Zeitpunkt) jeweils ein weiteres \u00f6ffentliches Fr\u00fchst\u00fcck abzuhalten, dessen G\u00e4ste wiederum ehebaldigst fr\u00fchst\u00fccken und so fort.<br \/>\nDer \u00f6ffentliche Raum ver\u00e4ndert sich, wird er befr\u00fchst\u00fcckt, merklich nach den Bed\u00fcrfnissen der Fr\u00fchst\u00fcckenden. Die Fr\u00fchst\u00fcckenden beginnen ohne viel Zutun, allein durch ihre Anwesenheit mit dem Umraum zu kommunizieren, ihr eigenes Medium zu sein, Platz zu greifen, Raum zu nehmen, ihn buchst\u00e4blich zu besitzen und ihn blo\u00df durch sich selbst oder aber auch mit einem Anliegen zu besetzen. Es wird kundgetan, weitererz\u00e4hlt, wiedergefr\u00fchst\u00fcckt. Das Spiel geht weiter, solange jemand den Faden aufnimmt.<\/p>\n<p>&nbsp;<\/p>\n<p>Tats\u00e4chlich wurde das \u00f6ffentliche Fr\u00fchst\u00fccken mehr und mehr Kult, konnten immer \u00f6fter Menschen beobachtet werden, die sich &#8211; auf Pl\u00e4tzen und in Parks, in leeren Springbrunnen und in freien Parkl\u00fccken &#8211; um einen gepflegten Fr\u00fchst\u00fcckstisch versammelten, oder ihr Tun als surreale Inszenierungen begriffen. Wovon neben der Vielzahl von m\u00fcndlich \u00fcberlieferten Fr\u00fchst\u00fccken hunderte von postalischen R\u00fcckmeldungen nebst Foto (u.a. von Fr\u00fchst\u00fcckern aus Berlin, Buenos Aires, Kopenhagen, Beirut und New York) zeugen.<\/p>\n<p>Es wird genutzt von freien Gruppen, B\u00fcrgerInneninitiativen, religi\u00f6sen Gemeinschaften, Seminaren der Universit\u00e4t, Tourismusverb\u00e4nden, Familien und Freaks. Dass diese Pluralit\u00e4t immer wieder die Frage nach dem k\u00fcnstlerischen Eigentum auf ganz prinzipielle Weise aufwirft, macht die Projektanordnung selbst zu einem Experimentierfeld in Sachen erweiterter Kunstbegriff. &#8211; Noch dazu, wo die Kette derart selbstst\u00e4ndig wurde, dass einzelne AktivistInnen sich bereits selbst f\u00fcr die UrheberInnen halten. Dennoch arbeitet <a href=\"https:\/\/www.permanentbreakfast.org\" target=\"_blank\">permanent breakfast<\/a> mit einer klaren \u00c4sthetik, die Teil der \u201cSpielregeln\u201d wurde und die es erlaubt surreale Bilder zu produzieren.<\/p>\n<p><a href=\"https:\/\/www.permanentbreakfast.org\" target=\"_blank\">Permanent breakfast<\/a> ist gleichzeitig: eine Ideenschleuder, eine \u201cKunst \u2013 mach \u2013 Maschine\u201d, ein Think-Tank, ein Label unter dem unterschiedliche Besitzungen des \u00f6ffentlichen Raumes stattfinden. Um nur einige Beispiele zur Nutzunung bzw, Adaptierung der permanent-breakfast Grundidee zu nennen:<\/p>\n<p>&nbsp;<\/p>\n<p>Desayuno con Viandantes (Valencia, Spain)<\/p>\n<p>Urban Morgenmad (Denmark)<\/p>\n<p><a href=\"http:\/\/desayunocalle.blogspot.co.at\/\" rel=\"nofollow\" target=\"_blank\">Desayuno Calle<\/a> (Puerto Rico)<\/p>\n<p>Anhaltendes Fr\u00fchst\u00fcck (Zerbst, Germany)<\/p>\n<p>&nbsp;<\/p>\n<p>Trotz seiner Unabh\u00e4ngigkeit f\u00fchlt sich das Projekt mit anderen weltweiten \u201cReclaim the street\u201d Bewegungen verbunden und versteht sich als reales wie virtuelles, als \u00e4sthetisches wie diskursives Netzwerk.<\/p>\n<p>&nbsp;<\/p>\n<p>&nbsp;<\/p>\n<p>Text von Walter Pucher<\/p>","protected":false},"excerpt":{"rendered":"<p>photo: Alexander Danner Entstehung und Idee \u00a0 Am Morgen des 1. Mai 1996 begann eine K\u00fcnstlergruppe um Friedemann Derschmidt, \u00f6ffentliche<\/p>\n","protected":false},"author":1,"featured_media":380,"comment_status":"closed","ping_status":"closed","sticky":false,"template":"","format":"standard","meta":{"jetpack_post_was_ever_published":false,"_jetpack_newsletter_access":"","_jetpack_dont_email_post_to_subs":false,"_jetpack_newsletter_tier_id":0,"_jetpack_memberships_contains_paywalled_content":false,"_jetpack_memberships_contains_paid_content":false,"footnotes":"","jetpack_publicize_message":"","jetpack_publicize_feature_enabled":true,"jetpack_social_post_already_shared":true,"jetpack_social_options":{"image_generator_settings":{"template":"highway","enabled":false},"version":2}},"categories":[295,15,17],"tags":[],"class_list":["post-379","post","type-post","status-publish","format-standard","has-post-thumbnail","hentry","category-breakfast-event","category-performance","category-permanent-breakfast"],"jetpack_publicize_connections":[],"jetpack_featured_media_url":"https:\/\/i0.wp.com\/www.twofamilyarchives.com\/wp-content\/uploads\/sites\/4\/2017\/09\/permanentbreakfast-e1726411973240.jpg?fit=1280%2C885&ssl=1","jetpack_sharing_enabled":true,"jetpack_shortlink":"https:\/\/wp.me\/pdXCWQ-67","jetpack_likes_enabled":true,"jetpack-related-posts":[],"_links":{"self":[{"href":"https:\/\/www.derschmidt.com\/de\/wp-json\/wp\/v2\/posts\/379","targetHints":{"allow":["GET"]}}],"collection":[{"href":"https:\/\/www.derschmidt.com\/de\/wp-json\/wp\/v2\/posts"}],"about":[{"href":"https:\/\/www.derschmidt.com\/de\/wp-json\/wp\/v2\/types\/post"}],"author":[{"embeddable":true,"href":"https:\/\/www.derschmidt.com\/de\/wp-json\/wp\/v2\/users\/1"}],"replies":[{"embeddable":true,"href":"https:\/\/www.derschmidt.com\/de\/wp-json\/wp\/v2\/comments?post=379"}],"version-history":[{"count":5,"href":"https:\/\/www.derschmidt.com\/de\/wp-json\/wp\/v2\/posts\/379\/revisions"}],"predecessor-version":[{"id":3000,"href":"https:\/\/www.derschmidt.com\/de\/wp-json\/wp\/v2\/posts\/379\/revisions\/3000"}],"wp:featuredmedia":[{"embeddable":true,"href":"https:\/\/www.derschmidt.com\/de\/wp-json\/wp\/v2\/media\/380"}],"wp:attachment":[{"href":"https:\/\/www.derschmidt.com\/de\/wp-json\/wp\/v2\/media?parent=379"}],"wp:term":[{"taxonomy":"category","embeddable":true,"href":"https:\/\/www.derschmidt.com\/de\/wp-json\/wp\/v2\/categories?post=379"},{"taxonomy":"post_tag","embeddable":true,"href":"https:\/\/www.derschmidt.com\/de\/wp-json\/wp\/v2\/tags?post=379"}],"curies":[{"name":"wp","href":"https:\/\/api.w.org\/{rel}","templated":true}]}}