{"id":418,"date":"1999-03-21T10:14:18","date_gmt":"1999-03-21T10:14:18","guid":{"rendered":"http:\/\/www.twofamilyarchives.com\/derschmidt\/2017\/09\/19\/kayaking-adventurous-sport-copy\/"},"modified":"2017-09-19T10:27:55","modified_gmt":"2017-09-19T10:27:55","slug":"kayaking-adventurous-sport-copy","status":"publish","type":"post","link":"https:\/\/www.derschmidt.com\/de\/1999\/03\/21\/kayaking-adventurous-sport-copy\/","title":{"rendered":"ORF TV 21.3.1999"},"content":{"rendered":"<p>ORF TV\u00a021.3.1999<\/p>\n<p class=\"watch-title-container\"><span id=\"eow-title\" class=\"watch-title watch-editable\" dir=\"ltr\" title=\"Seitenblicke zur Urauff\u00fchrung des Filmes &quot;Komm und sieh Rudyn - Geschichten eines T\u00e4nzers aus Wien&quot;\">Seitenblicke zur Urauff\u00fchrung des Filmes \u00a0<\/span><span id=\"eow-title\" class=\"watch-title watch-editable\" dir=\"ltr\" title=\"Seitenblicke zur Urauff\u00fchrung des Filmes &quot;Komm und sieh Rudyn - Geschichten eines T\u00e4nzers aus Wien&quot;\">&#8222;Komm und sieh Rudyn &#8211; Geschichten eines T\u00e4nzers<\/span><\/p>\n<div class=\"jetpack-video-wrapper\">\n<div class=\"fitvids-video\"><iframe title=\"Seitenblicke zur Urauff\u00fchrung des Filmes &quot;Komm und sieh Rudyn - Geschichten eines T\u00e4nzers aus Wien&quot;\" width=\"800\" height=\"600\" src=\"https:\/\/www.youtube.com\/embed\/CVIlYy6TPP0?feature=oembed\" frameborder=\"0\" allow=\"accelerometer; autoplay; encrypted-media; gyroscope; picture-in-picture\" allowfullscreen><\/iframe><\/div>\n<\/div>\n<div id=\"watch-description-text\" class=\"watch-editable\">\n<p>&nbsp;<\/p>\n<p id=\"eow-description\" class=\"\">Rudolf Schmitz (Werner Rudi) war einer der letzten noch lebenden K\u00fcnstler aus der Bl\u00fctezeit von Kabarett, Variet\u00e9 und Revue. Als Sohn von Textilh\u00e4ndlern 1905 in Wien geboren, tanzte er als Grotesk-, Step-, und Akrobatikt\u00e4nzer, als Schauspieler und Pantomime an den renomiertesten Revue- und Variet\u00e9b\u00fchnen im Wien der 20er Jahre. 1933 ging er wegen des st\u00e4rker werdenden Nationalsozialismus illegal in das damalige britische Protektorat Pal\u00e4stina, wo er w\u00e4hrend der Pionierzeit unz\u00e4hlige Berufe aus\u00fcbte. Im Zweiten Weltkrieg war er Stage-Manager der Gruppe &#8222;Sheiks of Araby&#8220;, einer gemischten Truppe aus Schauspielern, T\u00e4nzern und Kom\u00f6dianten. Ihre Aufgabe war die Unterhaltung der alliierten Streitkr\u00e4fte von Tunis bis Teheran. In dieser Zeit tanzte er auch f\u00fcr K\u00f6nig Faruk in \u00c4gypten und den Schah von Persien.<\/p>\n<p>Die in diesem am 21.3.1999 ausgestrahlte Seitenblicke Beitrag gezeigte Pr\u00e4sentation fand am 10.3.1999 im ehemaligen Raucherkino Rondell statt, welches heute der Jazz and Musicclub Porgy&amp;Bess ist.<\/p>\n<p>A1999 <a href=\"https:\/\/www.derschmidt.com\">Friedemann Derschmidt<\/a>; Walter Pucher<\/p>\n<p>Kamera: Jo Schmeiser; Walter Pucher<br \/>\nTon: Volkmar Klien<br \/>\nRecherche: Karin Schneider<br \/>\nPostproduktion: ZONE, Institut f\u00fcr Medien Kunst und Dokumentation<br \/>\nMusik: Volkmar Klien, Marcus Ratka<br \/>\nTanz: Nick Mortimore; Michael Klien<br \/>\nRegie: <a href=\"https:\/\/www.derschmidt.com\">Friedemann Derschmidt<\/a>; Walter Pucher<br \/>\nIdee &amp; Projektleitung: <a href=\"https:\/\/www.derschmidt.com\">Friedemann Derschmidt<\/a><br \/>\nOrganisation Filmpr\u00e4sentation: Wolfgang Brunner<\/p>\n<\/div>\n<p><\/p>","protected":false},"excerpt":{"rendered":"<p>ORF TV\u00a021.3.1999 Seitenblicke zur Urauff\u00fchrung des Filmes \u00a0&#8222;Komm und sieh Rudyn &#8211; Geschichten eines T\u00e4nzers &nbsp; Rudolf Schmitz (Werner Rudi)<\/p>\n","protected":false},"author":1,"featured_media":425,"comment_status":"open","ping_status":"open","sticky":false,"template":"","format":"video","meta":{"jetpack_post_was_ever_published":false,"_jetpack_newsletter_access":"","_jetpack_dont_email_post_to_subs":false,"_jetpack_newsletter_tier_id":0,"_jetpack_memberships_contains_paywalled_content":false,"_jetpack_memberships_contains_paid_content":false,"footnotes":"","jetpack_publicize_message":"","jetpack_publicize_feature_enabled":true,"jetpack_social_post_already_shared":true,"jetpack_social_options":{"image_generator_settings":{"template":"highway","enabled":false},"version":2}},"categories":[4,26],"tags":[],"class_list":["post-418","post","type-post","status-publish","format-video","has-post-thumbnail","hentry","category-radio_tv","category-sag-du-es-deinem-kinde","post_format-post-format-video"],"jetpack_publicize_connections":[],"jetpack_featured_media_url":"https:\/\/i0.wp.com\/www.twofamilyarchives.com\/wp-content\/uploads\/sites\/4\/1999\/03\/Bildschirmfoto-2017-09-19-um-12.26.17.png?fit=1543%2C1016&ssl=1","jetpack_sharing_enabled":true,"jetpack_shortlink":"https:\/\/wp.me\/pdXCWQ-6K","jetpack_likes_enabled":true,"jetpack-related-posts":[],"_links":{"self":[{"href":"https:\/\/www.derschmidt.com\/de\/wp-json\/wp\/v2\/posts\/418","targetHints":{"allow":["GET"]}}],"collection":[{"href":"https:\/\/www.derschmidt.com\/de\/wp-json\/wp\/v2\/posts"}],"about":[{"href":"https:\/\/www.derschmidt.com\/de\/wp-json\/wp\/v2\/types\/post"}],"author":[{"embeddable":true,"href":"https:\/\/www.derschmidt.com\/de\/wp-json\/wp\/v2\/users\/1"}],"replies":[{"embeddable":true,"href":"https:\/\/www.derschmidt.com\/de\/wp-json\/wp\/v2\/comments?post=418"}],"version-history":[{"count":4,"href":"https:\/\/www.derschmidt.com\/de\/wp-json\/wp\/v2\/posts\/418\/revisions"}],"predecessor-version":[{"id":424,"href":"https:\/\/www.derschmidt.com\/de\/wp-json\/wp\/v2\/posts\/418\/revisions\/424"}],"wp:featuredmedia":[{"embeddable":true,"href":"https:\/\/www.derschmidt.com\/de\/wp-json\/wp\/v2\/media\/425"}],"wp:attachment":[{"href":"https:\/\/www.derschmidt.com\/de\/wp-json\/wp\/v2\/media?parent=418"}],"wp:term":[{"taxonomy":"category","embeddable":true,"href":"https:\/\/www.derschmidt.com\/de\/wp-json\/wp\/v2\/categories?post=418"},{"taxonomy":"post_tag","embeddable":true,"href":"https:\/\/www.derschmidt.com\/de\/wp-json\/wp\/v2\/tags?post=418"}],"curies":[{"name":"wp","href":"https:\/\/api.w.org\/{rel}","templated":true}]}}