{"id":930,"date":"2017-09-27T16:03:45","date_gmt":"2017-09-27T16:03:45","guid":{"rendered":"http:\/\/www.twofamilyarchives.com\/derschmidt\/?p=930"},"modified":"2017-09-28T10:39:23","modified_gmt":"2017-09-28T10:39:23","slug":"memscreen-an-art-based-archive-of-translation-and-narration","status":"publish","type":"post","link":"https:\/\/www.derschmidt.com\/de\/2017\/09\/27\/memscreen-an-art-based-archive-of-translation-and-narration\/","title":{"rendered":"MemScreen &#8211; An Art-Based Archive of Translation and Narration"},"content":{"rendered":"<p><\/p>\n<pre>Projektnummer: <a href=\"http:\/\/pf.fwf.ac.at\/de\/wissenschaft-konkret\/project-finder\/23214\">AR 96 Programm zur Entwicklung und Erschlie\u00dfung der K\u00fcnste<\/a> (PEEK)\r\nProjektleiterIn: Friedemann DERSCHMIDT\r\nKuratoriumssitzung: 29.11.2010\r\n\r\n<\/pre>\n<div id=\"toolbarViewerMiddle\"><\/div>\n<div class=\"splitToolbarButtonSeparator\"><\/div>\n<h3 class=\"toolbar\">Abstract: MemScreen &#8211; An Art-Based Archive of Translation and Narration<\/h3>\n<div id=\"viewerContainer\" tabindex=\"0\"><\/div>\n<div>\n<p><a href=\"https:\/\/www.twofamilyarchives.com\/wp-content\/uploads\/sites\/4\/2017\/09\/Mem_final_10_.pdf\"><img data-recalc-dims=\"1\" fetchpriority=\"high\" decoding=\"async\" data-attachment-id=\"932\" data-permalink=\"https:\/\/www.derschmidt.com\/de\/2017\/09\/27\/memscreen-an-art-based-archive-of-translation-and-narration\/screenshot-2017-09-27-18-01-32\/\" data-orig-file=\"https:\/\/i0.wp.com\/www.twofamilyarchives.com\/wp-content\/uploads\/sites\/4\/2017\/09\/Screenshot-2017-09-27-18.01.32.png?fit=162%2C1061&amp;ssl=1\" data-orig-size=\"162,1061\" data-comments-opened=\"0\" data-image-meta=\"{&quot;aperture&quot;:&quot;0&quot;,&quot;credit&quot;:&quot;&quot;,&quot;camera&quot;:&quot;&quot;,&quot;caption&quot;:&quot;&quot;,&quot;created_timestamp&quot;:&quot;0&quot;,&quot;copyright&quot;:&quot;&quot;,&quot;focal_length&quot;:&quot;0&quot;,&quot;iso&quot;:&quot;0&quot;,&quot;shutter_speed&quot;:&quot;0&quot;,&quot;title&quot;:&quot;&quot;,&quot;orientation&quot;:&quot;0&quot;}\" data-image-title=\"Screenshot 2017-09-27 18.01.32\" data-image-description=\"\" data-image-caption=\"\" data-medium-file=\"https:\/\/i0.wp.com\/www.twofamilyarchives.com\/wp-content\/uploads\/sites\/4\/2017\/09\/Screenshot-2017-09-27-18.01.32.png?fit=46%2C300&amp;ssl=1\" data-large-file=\"https:\/\/i0.wp.com\/www.twofamilyarchives.com\/wp-content\/uploads\/sites\/4\/2017\/09\/Screenshot-2017-09-27-18.01.32.png?fit=156%2C1024&amp;ssl=1\" class=\"alignleft wp-image-932 size-full\" src=\"https:\/\/i0.wp.com\/www.twofamilyarchives.com\/wp-content\/uploads\/sites\/4\/2017\/09\/Screenshot-2017-09-27-18.01.32.png?resize=162%2C1061&#038;ssl=1\" alt=\"\" width=\"162\" height=\"1061\" srcset=\"https:\/\/i0.wp.com\/www.twofamilyarchives.com\/wp-content\/uploads\/sites\/4\/2017\/09\/Screenshot-2017-09-27-18.01.32.png?w=162&amp;ssl=1 162w, https:\/\/i0.wp.com\/www.twofamilyarchives.com\/wp-content\/uploads\/sites\/4\/2017\/09\/Screenshot-2017-09-27-18.01.32.png?resize=46%2C300&amp;ssl=1 46w\" sizes=\"(max-width: 162px) 100vw, 162px\" \/><\/a><\/p>\n<div><a href=\"https:\/\/www.derschmidt.com\/de\/2017\/09\/27\/memscreen-an-art-based-archive-of-translation-and-narration\/\">MemScreen<\/a> entwickelt neue k\u00fcnstlerische Methoden zur Darstellung von Erinnerungs-Erz\u00e4hlungen die mit der komplexen historisch gewachsenen Verkn\u00fcpfung von \u00d6sterreich und Israel und dem Holocaust verbunden sind. <a href=\"https:\/\/www.derschmidt.com\/de\/2017\/09\/27\/memscreen-an-art-based-archive-of-translation-and-narration\/\">MemScreen<\/a> fragt dabei, wie Kunstproduktionen vom Israelischen in den \u00d6sterreichischen Kontext \u00fcbersetzt werden k\u00f6nnen und vice versa. Dabei ber\u00fchrt <a href=\"https:\/\/www.derschmidt.com\/de\/2017\/09\/27\/memscreen-an-art-based-archive-of-translation-and-narration\/\">MemScreen<\/a> eines der zentralen Probleme des (k\u00fcnstlerischen) Kuratierens &#8211; das der Kontextualisierung.<\/div>\n<div><\/div>\n<div>Wir entwickeln darauf aufbauend k\u00fcnstlerische Strategien f\u00fcr eine Darstellung von Holocaust bezogenen Erinnerungen, die sich der Undarstellbarkeit bewu\u00dft sind. In unserem gesamten Herangehen spielt der Umgang der Betrachtenden und Zuh\u00f6renden mit den dieses Themenfeld betreffenden k\u00fcnstlerischen Produktionen eine zentrale Rolle. Dies Art und Weise wie sich die \u00d6ffentlichkeit sogenannte Erinnerungskunst aneignet soll in <a href=\"https:\/\/www.derschmidt.com\/de\/2017\/09\/27\/memscreen-an-art-based-archive-of-translation-and-narration\/\">MemScreen<\/a> auch erforscht und m\u00f6glicher Weise durch neue k\u00fcnstlerische Vorschl\u00e4ge in diesem Bereich auch ver\u00e4ndert werden.<\/div>\n<\/div>\n<div><\/div>\n<div>\n<div><a href=\"https:\/\/www.derschmidt.com\/de\/2017\/09\/27\/memscreen-an-art-based-archive-of-translation-and-narration\/\">MemScreen<\/a> ist ein transnationales Projekt zwischen Israel und \u00d6sterreich. Es ist am Forschungslabor &#8222;Film und Fernsehen&#8220; an der Akademie der bildenden K\u00fcnste in Wien sowie an Israelischen Partnerorganisationen (Digital Art Center Holon, Bezalel Academy of Arts and Design, Jerusalem, etc.) angesiedelt. Getragen wird es von einer Gruppe \u00f6sterreichischer und israelischer K\u00fcnstler_innen und Kunst basierter Forscher_innen: <a href=\"http:\/\/regiowiki.at\/wiki\/Tal_Adler\" rel=\"nofollow\" target=\"_blank\">Tal Adler<\/a>, Attila Kosa, ritesinstitute (<a href=\"https:\/\/www.derschmidt.com\">Friedemann Derschmidt<\/a> und Karin Schneider) sowie Illana Schmueli, eine aus Czernowitz stammende in Israel seit 1944 lebende Schriftstellerin.<\/div>\n<div><\/div>\n<div><a href=\"https:\/\/www.derschmidt.com\/de\/2017\/09\/27\/memscreen-an-art-based-archive-of-translation-and-narration\/\">MemScreen<\/a> setzt seine k\u00fcnstlerische Forschung zur \u00dcbersetzung von Erinnerungserz\u00e4hlungen zwischen Israel und \u00d6sterreich auf der langj\u00e4hrigen intensiven Arbeit von <a href=\"http:\/\/regiowiki.at\/wiki\/Tal_Adler\" rel=\"nofollow\" target=\"_blank\">Tal Adler<\/a> und dem ritesinstitute in diesem Feld auf. <a href=\"https:\/\/www.derschmidt.com\/de\/2017\/09\/27\/memscreen-an-art-based-archive-of-translation-and-narration\/\">MemScreen<\/a> versteht sich als Archiv das nicht nur als fixe Datenbank, sondern als digitale Lern- und Vernetzungsplattform funktioniert.<\/div>\n<div><\/div>\n<div>Alle in MemScreeen produzierten Daten, Methoden, Ergebnisse werden in das Archiv eingespeist und je nach Ver\u00e4nderung der Forschungsfragen neu zugeordnet. Die Forschungsfragen entstehen aus der jeweiligen konkreten k\u00fcnstlerischen Praxis und den Erfahrungen mit den Publikumsreaktionen.<\/div>\n<\/div>\n<div><\/div>\n<div>\n<div>Die k\u00fcnstlerisch &#8211; kuratorische Forschung von <a href=\"https:\/\/www.derschmidt.com\/de\/2017\/09\/27\/memscreen-an-art-based-archive-of-translation-and-narration\/\">MemScreen<\/a> wird von einem international aufgestellten, interdisziplin\u00e4ren Board begleitet. Mit diesem werden interne workshop f\u00fcr des researcher &#8211; team und eingeladene K\u00fcnstler_innen sowie \u00f6ffentliche Veranstaltungen durchgef\u00fchrt. Forschungsergebnisse wie M\u00f6glichkeit zur Generierung neuen Datenmaterials sind Ausstellungen und Videoproduktionen. Alle Pr\u00e4sentationen und Veranstaltungsformate finden in den jeweiligen Partnerorganisationen sowohl in Israel als auch in \u00d6sterreich statt und bieten daher eine hervorragende Grundlage zur Etablierung einer Plattform kunstbasierter Forschung in diesem Bereich in den jeweiligen Kunstinstitutionen.<\/div>\n<\/div>\n<div id=\"outerContainer\"><\/div>\n<div><\/div>\n<div><\/div>\n<div><\/div>\n<div>\n<hr \/>\n<\/div>\n<h3>Abstract Schlussbericht:<\/h3>\n<div><\/div>\n<div>\n<div class=\"textLayer\">\n<div>Das Ziel von <a href=\"https:\/\/www.derschmidt.com\/de\/2017\/09\/27\/memscreen-an-art-based-archive-of-translation-and-narration\/\">MemScreen<\/a> die Entwicklung neuer k\u00fcnstlerischer Methoden um mit Erinnerungserz\u00e4hlungen umzugehen, die auf die komplexen Verzahnungen zwischen Israel und \u00d6sterreich verweisen. Ausgehend von einem \u201eopen call\u201c lud das Projektteam k\u00fcnstlerisch Forschende die sich mit den Fragen der Konstruktion von Geschichte und ihrer \u00dcbersetzung besch\u00e4ftigen, in den jeweils anderen Kontext ein. In Wien organisierte das Projektteam guided tours f\u00fcr die G\u00e4ste aus Israel (Gedenkst\u00e4tte Mauthausen, Dokumentationsarchiv des \u00d6sterreichischen Widerstandes, Denkm\u00e4ler im \u00f6ffentlichen Raum, Museen) um ihnen die M\u00f6glichkeit zu er\u00f6ffnen, ein tieferes Verst\u00e4ndnis daf\u00fcr zu bekommen, auf welche Weise der \u00f6sterreichische Kontext geschichtlich aufgeladen ist und wie damit umgegangen wird. Parallel dazu fanden Vortr\u00e4ge und Pr\u00e4sentationen vor allem an der Akademie der bildenden K\u00fcnste in Wien statt und zus\u00e4tzliche K\u00fcnstlerInnen aus der engeren Auswahlliste wurden in die (Projekt-) Konferenz \u201c<a href=\"https:\/\/www.akbild.ac.at\/portal_en\/organisation\/activities\/lectures_events\/2013\/doing-memory-artistic-practices-in-the-politics-of-memory-and-history\/?searchterm=doing%20memory&amp;set_language=en\" target=\"_blank\">Doing Memory<\/a>\u201d, (Juni 2013) einbezogen.<\/div>\n<div>Die Besch\u00e4ftigung mit Fragen von Kontextualisierung und \u00dcbersetzung bildeten den Rahmen f\u00fcr die kunstbasierte Forschung von <a href=\"https:\/\/www.derschmidt.com\">Friedemann Derschmidt<\/a>, <a href=\"http:\/\/regiowiki.at\/wiki\/Tal_Adler\" rel=\"nofollow\" target=\"_blank\">Tal Adler<\/a>, Karin Schneider, Ilana Shmueli und Attila Kosa. <a href=\"https:\/\/www.derschmidt.com\">Friedemann Derschmidt<\/a> entwickelte gemeinsam mit<a href=\"https:\/\/de.wikipedia.org\/wiki\/Ilana_Shmueli\" rel=\"nofollow\" target=\"_blank\"> Ilana Shmueli<\/a> (von ihr stammt die konkrete Erinnerungserz\u00e4hlung), Karin Schneider (Interviews und Filmskript) und Attila Kosa (Data Management) neue k\u00fcnstlerische Methoden zu einer Erschlie\u00dfung von Erinnerungen einer Holocaust \u00dcberlebenden. Das Projekt leistet einen Beitrag zur Debatte um oral history und der Frage was es bedeutet, wenn eine vage Erinnerung im Prozess des Erz\u00e4hlens eine Gestalt bekommt. Friedemann und sein Team konnten damit zeigen, dass der Vorgang der Produktion von Erinnerung einen k\u00fcnstlerischen Prozess beschreibt (vergl. seinen auf dem Filmfestival Diagonale ausgezeichneten Film: \u201cPhantom der Erinnerung\u201d). <a href=\"http:\/\/regiowiki.at\/wiki\/Tal_Adler\" rel=\"nofollow\" target=\"_blank\">Tal Adler<\/a> (Recherche mit Karin Schneider) entwickelte neue photographische Methoden der Untersuchung von blinden Flecken bei der Repr\u00e4sentation von Geschichte in der \u00d6sterreichischen Landschaft. Mit der Platz ierung einer Wasserwaage im Vordergrund des Fotos erzeugte er ein Symbol f\u00fcr die Konstruktion von Geschichte, Erinnerung und dessen, was wir als Landschaft begreifen. Karin Schneider stellte ein \u201eopen Archive\u201c zur Verf\u00fcgung um die Recherche hinter den Bildern zug\u00e4nglich zu machen. In diesem Kontext entwickelte das Team eine konkrete kuratorische Methode einer produktiven Spannung zwischen Text und Bild. Es konnte gezeigt werden, wie Bilder als verdichtete Forschung eingesetzt werden k\u00f6nnen, um Prozesse der Auseinandersetzung auszul\u00f6sen.<\/div>\n<\/div>\n<\/div>\n<div><\/div>\n<h3><strong><a href=\"https:\/\/www.twofamilyarchives.com\/wp-content\/uploads\/sites\/4\/2017\/09\/Review.pdf\">English: see the final review by the FWF reviewers here<\/a><\/strong><\/h3>\n<div><\/div>\n<p><\/p>","protected":false},"excerpt":{"rendered":"<p>Projektnummer: AR 96 Programm zur Entwicklung und Erschlie\u00dfung der K\u00fcnste (PEEK) ProjektleiterIn: Friedemann DERSCHMIDT Kuratoriumssitzung: 29.11.2010 Abstract: MemScreen &#8211; An<\/p>\n","protected":false},"author":1,"featured_media":947,"comment_status":"open","ping_status":"open","sticky":false,"template":"","format":"standard","meta":{"jetpack_post_was_ever_published":false,"_jetpack_newsletter_access":"","_jetpack_dont_email_post_to_subs":false,"_jetpack_newsletter_tier_id":0,"_jetpack_memberships_contains_paywalled_content":false,"_jetpack_memberships_contains_paid_content":false,"footnotes":"","jetpack_publicize_message":"","jetpack_publicize_feature_enabled":true,"jetpack_social_post_already_shared":true,"jetpack_social_options":{"image_generator_settings":{"template":"highway","enabled":false},"version":2}},"categories":[13,83,70],"tags":[79,82,80,74,76,73,72,77,78,75,81,71],"class_list":["post-930","post","type-post","status-publish","format-standard","has-post-thumbnail","hentry","category-art_based_research","category-research-project-lead","category-research-projects","tag-bezalel-academy-of-arts-and-design","tag-conference-doing-memory","tag-digital-art-center-holon","tag-friedemann-derschmidt","tag-holocaust","tag-ilana-shmueli","tag-karin-schneider","tag-konferenz-doing-memory","tag-memscreen","tag-phantom-der-erinnerung","tag-phantom-of-memory","tag-tal-adler"],"jetpack_publicize_connections":[],"jetpack_featured_media_url":"https:\/\/i0.wp.com\/www.twofamilyarchives.com\/wp-content\/uploads\/sites\/4\/2017\/09\/leporello-cover-ohne.jpg?fit=1175%2C768&ssl=1","jetpack_sharing_enabled":true,"jetpack_shortlink":"https:\/\/wp.me\/pdXCWQ-f0","jetpack_likes_enabled":true,"jetpack-related-posts":[],"_links":{"self":[{"href":"https:\/\/www.derschmidt.com\/de\/wp-json\/wp\/v2\/posts\/930","targetHints":{"allow":["GET"]}}],"collection":[{"href":"https:\/\/www.derschmidt.com\/de\/wp-json\/wp\/v2\/posts"}],"about":[{"href":"https:\/\/www.derschmidt.com\/de\/wp-json\/wp\/v2\/types\/post"}],"author":[{"embeddable":true,"href":"https:\/\/www.derschmidt.com\/de\/wp-json\/wp\/v2\/users\/1"}],"replies":[{"embeddable":true,"href":"https:\/\/www.derschmidt.com\/de\/wp-json\/wp\/v2\/comments?post=930"}],"version-history":[{"count":13,"href":"https:\/\/www.derschmidt.com\/de\/wp-json\/wp\/v2\/posts\/930\/revisions"}],"predecessor-version":[{"id":960,"href":"https:\/\/www.derschmidt.com\/de\/wp-json\/wp\/v2\/posts\/930\/revisions\/960"}],"wp:featuredmedia":[{"embeddable":true,"href":"https:\/\/www.derschmidt.com\/de\/wp-json\/wp\/v2\/media\/947"}],"wp:attachment":[{"href":"https:\/\/www.derschmidt.com\/de\/wp-json\/wp\/v2\/media?parent=930"}],"wp:term":[{"taxonomy":"category","embeddable":true,"href":"https:\/\/www.derschmidt.com\/de\/wp-json\/wp\/v2\/categories?post=930"},{"taxonomy":"post_tag","embeddable":true,"href":"https:\/\/www.derschmidt.com\/de\/wp-json\/wp\/v2\/tags?post=930"}],"curies":[{"name":"wp","href":"https:\/\/api.w.org\/{rel}","templated":true}]}}